{"id":27987,"date":"2018-02-21T16:34:19","date_gmt":"2018-02-21T15:34:19","guid":{"rendered":"https:\/\/alzira.es\/alzira-aprova-les-bases-per-a-la-seleccio-de-personal-i-de-l-alumnat-del-projecte-viatge-juvenil-a-l-empleabilitat-2018\/"},"modified":"2018-02-21T16:34:19","modified_gmt":"2018-02-21T15:34:19","slug":"alzira-aprova-les-bases-per-a-la-seleccio-de-personal-i-de-l-alumnat-del-projecte-viatge-juvenil-a-l-empleabilitat-2018","status":"publish","type":"post","link":"https:\/\/alzira.es\/es\/alzira-aprova-les-bases-per-a-la-seleccio-de-personal-i-de-l-alumnat-del-projecte-viatge-juvenil-a-l-empleabilitat-2018\/","title":{"rendered":"Alzira aprueba las bases para la selecci\u00f3n de personal y del alumnado del proyecto \u201cViaje juvenil a la Empleabilidad 2018\u201d"},"content":{"rendered":"<p style=\"text-align: justify;\">Alzira, 21 de febrero del 2018. El Ayuntamiento de Alzira, a trav\u00e9s de la concejal\u00eda de Desarrollo Econ\u00f3mico, Proyectos Europeos y Trabajo e IDEA, ha aprobado las bases para la selecci\u00f3n de personal y del alumnado del proyecto \u00abViaje juvenil a la Empleabilidad 2018\u00bb.<\/p>\n<p style=\"text-align: justify;\">Este proyecto tiene como objetivo fundamental el desarrollo de medidas de inserci\u00f3n laboral del colectivo juvenil, mediante programas de formaci\u00f3n y cualificaci\u00f3n profesional que aumentan las oportunidades de integraci\u00f3n en el mercado de trabajo de j\u00f3venes desempleados menores de 30 a\u00f1os.<\/p>\n<p style=\"text-align: justify;\">El \u00abViaje juvenil a la Empleabilidad\u00bb se desarrollar\u00e1 durante el 2018 en Alzira, con la finalidad de mejorar la inserci\u00f3n laboral de 45 j\u00f3venes mayores de 16 a\u00f1os y menores de 30, inscritos en el Sistema Nacional de Garant\u00eda Juvenil, articulado en tres itinerarios formativos con 15 alumnos en cada uno de ellas:<\/p>\n<p style=\"margin-left: 30px; text-align: justify;\">\u2022Itinerario 1: Hosteler\u00eda. Operaciones B\u00e1sicas de Restaurante y Bar (Servicios de Bar y Cafeter\u00eda)<\/p>\n<p style=\"margin-left: 30px; text-align: justify;\">\u2022 Itinerario 2: Electromec\u00e1nica. Operaciones Auxiliares de Fabricaci\u00f3n mec\u00e1nica.<\/p>\n<p style=\"margin-left: 30px; text-align: justify;\">\u2022 Itinerario 3: Comercio Internacional. Organizaci\u00f3n del transporte y su distribuci\u00f3n.<\/p>\n<p style=\"text-align: justify;\">Adem\u00e1s, este proyecto incluye tambi\u00e9n la selecci\u00f3n de personal docente: un Coordinador, un Auxiliar Administrativo, un docente doble especialidad de Operaciones B\u00e1sicas de Restaurante y Bar, un docente especialidad de Operaciones Auxiliares de Fabricaci\u00f3n y un docente, especialidad Organizaci\u00f3n del Transporte y su distribuci\u00f3n, para las acciones de tutorizaci\u00f3n y de orientaci\u00f3n laboral para los 45 participantes, y acodamiento en las \u00e1reas transversales: Ingl\u00e9s, Nuevas Tecnolog\u00edas e Igualdad de oportunidades entre hombres y mujeres.<\/p>\n<p style=\"text-align: justify;\">Seg\u00fan explica Iv\u00e1n Mart\u00ednez, concejal del \u00e1rea: \u00abSe trata de tres itinerarios formativos dentro de las necesidades de trabajo detectadas en distintos sectores para formar a 45 personas j\u00f3venes. Por eso recibir\u00e1n una ayuda adem\u00e1s de la formaci\u00f3n de forma gratuita durante un a\u00f1o. Se ha incluido igualmente la contrataci\u00f3n de cinco docentes para impartir los certificados de profesionalidad, adem\u00e1s de un orientador laboral\u00bb.<\/p>\n<p style=\"text-align: justify;\">Las personas interesadas pueden ya informarse en las dependencias de IDEA (c\/ Ronda de Algemes\u00ed, 4) o en el tel\u00e9fono 962 45 51 01.<\/p>\n<p style=\"text-align: center;\"><a class=\"jcepopup\" title=\"Alzira aprova les bases per a la selecci\u00f3 de personal i de l\u2019alumnat del projecte \u201cViatge juvenil a l\u2019Empleabilitat 2018\u201d\" href=\"https:\/\/alzira.es\/wp-content\/uploads\/2018\/02\/img_4366.jpg\" target=\"_blank\" rel=\"noopener\"><img fetchpriority=\"high\" decoding=\"async\" class=\" size-full wp-image-27985\" title=\"Alzira aprova les bases per a la selecci\u00f3 de personal i de l\u2019alumnat del projecte \u201cViatge juvenil a l\u2019Empleabilitat 2018\u201d\" src=\"https:\/\/alzira.es\/wp-content\/uploads\/2018\/02\/img_4366.jpg\" alt=\"img 4366\" width=\"600\" height=\"400\" srcset=\"https:\/\/alzira.es\/wp-content\/uploads\/2018\/02\/img_4366.jpg 1200w, https:\/\/alzira.es\/wp-content\/uploads\/2018\/02\/img_4366-680x453.jpg 680w, https:\/\/alzira.es\/wp-content\/uploads\/2018\/02\/img_4366-768x512.jpg 768w\" sizes=\"(max-width: 600px) 100vw, 600px\" \/><\/a><\/p>\n","protected":false},"excerpt":{"rendered":"<p>Alzira, 21 de febrero del 2018. El Ayuntamiento de Alzira, a trav\u00e9s de la concejal\u00eda de Desarrollo Econ\u00f3mico, Proyectos Europeos y Trabajo e IDEA, ha aprobado las bases para la selecci\u00f3n de personal y del alumnado del proyecto \u00abViaje juvenil a la Empleabilidad 2018\u00bb. Este proyecto tiene como objetivo fundamental el desarrollo de medidas de &hellip; <\/p>\n<p class=\"link-more\"><a href=\"https:\/\/alzira.es\/es\/alzira-aprova-les-bases-per-a-la-seleccio-de-personal-i-de-l-alumnat-del-projecte-viatge-juvenil-a-l-empleabilitat-2018\/\" class=\"more-link\">Continuar leyendo<span class=\"screen-reader-text\"> \u00abAlzira aprueba las bases para la selecci\u00f3n de personal y del alumnado del proyecto \u201cViaje juvenil a la Empleabilidad 2018\u201d\u00bb<\/span><\/a><\/p>\n","protected":false},"author":29,"featured_media":27985,"comment_status":"","ping_status":"","sticky":false,"template":"","format":"standard","meta":{"_acf_changed":false,"footnotes":""},"categories":[1893],"tags":[],"class_list":["post-27987","post","type-post","status-publish","format-standard","has-post-thumbnail","hentry","category-hemeroteca"],"acf":[],"_links":{"self":[{"href":"https:\/\/alzira.es\/es\/wp-json\/wp\/v2\/posts\/27987","targetHints":{"allow":["GET"]}}],"collection":[{"href":"https:\/\/alzira.es\/es\/wp-json\/wp\/v2\/posts"}],"about":[{"href":"https:\/\/alzira.es\/es\/wp-json\/wp\/v2\/types\/post"}],"author":[{"embeddable":true,"href":"https:\/\/alzira.es\/es\/wp-json\/wp\/v2\/users\/29"}],"replies":[{"embeddable":true,"href":"https:\/\/alzira.es\/es\/wp-json\/wp\/v2\/comments?post=27987"}],"version-history":[{"count":0,"href":"https:\/\/alzira.es\/es\/wp-json\/wp\/v2\/posts\/27987\/revisions"}],"wp:featuredmedia":[{"embeddable":true,"href":"https:\/\/alzira.es\/es\/wp-json\/wp\/v2\/media\/27985"}],"wp:attachment":[{"href":"https:\/\/alzira.es\/es\/wp-json\/wp\/v2\/media?parent=27987"}],"wp:term":[{"taxonomy":"category","embeddable":true,"href":"https:\/\/alzira.es\/es\/wp-json\/wp\/v2\/categories?post=27987"},{"taxonomy":"post_tag","embeddable":true,"href":"https:\/\/alzira.es\/es\/wp-json\/wp\/v2\/tags?post=27987"}],"curies":[{"name":"wp","href":"https:\/\/api.w.org\/{rel}","templated":true}]}}