{"id":27972,"date":"2018-02-20T20:18:31","date_gmt":"2018-02-20T19:18:31","guid":{"rendered":"https:\/\/alzira.es\/el-consell-municipal-de-xiquets-i-xiquetes-de-alzira-participa-en-el-foro-de-trabajo-de-consejos-de-infancia-de-la-cv\/"},"modified":"2018-02-20T20:18:31","modified_gmt":"2018-02-20T19:18:31","slug":"el-consell-municipal-de-xiquets-i-xiquetes-de-alzira-participa-en-el-foro-de-trabajo-de-consejos-de-infancia-de-la-cv","status":"publish","type":"post","link":"https:\/\/alzira.es\/es\/el-consell-municipal-de-xiquets-i-xiquetes-de-alzira-participa-en-el-foro-de-trabajo-de-consejos-de-infancia-de-la-cv\/","title":{"rendered":"El Consell Municipal de xiquets i xiquetes de Alzira participa en el Foro de trabajo de Consejos de Infancia de la CV"},"content":{"rendered":"<p style=\"text-align: justify;\">Alzira, 20 de febrero 2018.- El curso pasado los ni\u00f1os y ni\u00f1as del Consell Municipal de xiquets i xiquetes, (CMXX) trabajar\u00e1n el proyecto de una nueva Ley de Infancia y Adolescencia de la Generalitat Valenciana con las aportaciones que consideran importantes, un trabajo realizado a propuesta de la Direcci\u00f3n General de Infancia y Adolescencia.<\/p>\n<p style=\"text-align: justify;\">La experiencia de este proceso de trabajo los llev\u00f3 a participar en el Foro de trabajo de Consejos de Infancia de la CV y en el Foro de Corts Valencianes.<\/p>\n<p style=\"text-align: justify;\">Ahora este proceso culmina con la presentaci\u00f3n del anteproyecto de la Ley de la Generalitat de Infancia y Adolescencia, en un acto que se ha celebrado el jueves 15 de febrero en el vest\u00edbulo principal del Palau de les Arts Reina Sof\u00eda y en el que han participado alcaldes, concejales, t\u00e9cnicos de las distintas administraciones valencianas, profesionales de entidades, asociaciones, colegios profesionales, sindicatos, dinamizadores de consejos de ni\u00f1os y ni\u00f1as y por los protagonistas de la ley: los ni\u00f1os y ni\u00f1as.<br \/>\u00abProtagonistas\u00bb, denominaci\u00f3n que han utilizado referida a los menores tanto la Directora General de Infancia y Adolescencia, Rosa Molero, como la Vicepresidenta y Consejera de Igualdad y Pol\u00edticas Inclusivas, M\u00f3nica Oltra y que ha continuado con una declaraci\u00f3n de intenciones con el lema del acto \u00abTomamos la palabra!\u00bb<\/p>\n<p style=\"text-align: justify;\">Pepe Grau, concejal de Educaci\u00f3n e Infancia del Ayuntamiento de Alzira destaca que, \u00abeste es un paso adelante que pone de manifiesto la opini\u00f3n de los j\u00f3venes, sus inquietudes y prop\u00f3sitos para una educaci\u00f3n poniendo en valor los derechos de la infancia y la adolescencia. Ellos son los que deben tomar la palabra, transmitir lo que piensan y el futuro que quieren, y desde el nuestro Ayuntamiento vamos a continuar trabajando codo con codo, por todo lo que sea mejorar la educaci\u00f3n de los ni\u00f1os y ni\u00f1as\u00bb.<\/p>\n<p style=\"text-align: center;\"><a class=\"jcepopup\" title=\"El Consell Municipal de xiquets i xiquetes de Alzira participa en el Foro de trabajo de Consejos de Infancia de la CV\" type=\"image\" href=\"https:\/\/alzira.es\/wp-content\/uploads\/2018\/02\/27973583_1623128617767304_3293938358840915336_n.jpg\" target=\"_blank\" rel=\"noopener\"><img fetchpriority=\"high\" decoding=\"async\" class=\" size-full wp-image-27965\" title=\"El Consell Municipal de xiquets i xiquetes de Alzira participa en el Foro de trabajo de Consejos de Infancia de la CV\" src=\"https:\/\/alzira.es\/wp-content\/uploads\/2018\/02\/27973583_1623128617767304_3293938358840915336_n.jpg\" alt=\"27973583 1623128617767304 3293938358840915336 n\" width=\"200\" height=\"267\" srcset=\"https:\/\/alzira.es\/wp-content\/uploads\/2018\/02\/27973583_1623128617767304_3293938358840915336_n.jpg 720w, https:\/\/alzira.es\/wp-content\/uploads\/2018\/02\/27973583_1623128617767304_3293938358840915336_n-383x510.jpg 383w\" sizes=\"(max-width: 200px) 100vw, 200px\" \/><\/a>&nbsp;<a class=\"jcepopup\" style=\"text-align: center;\" title=\"El Consell Municipal de xiquets i xiquetes de Alzira participa en el Foro de trabajo de Consejos de Infancia de la CV\" type=\"image\" href=\"https:\/\/alzira.es\/wp-content\/uploads\/2018\/02\/28055828_1623128717767294_8564355783463491223_n.jpg\" target=\"_blank\" rel=\"noopener\"><img decoding=\"async\" class=\"size-full wp-image-27967 lazyload\" title=\"El Consell Municipal de xiquets i xiquetes de Alzira participa en el Foro de trabajo de Consejos de Infancia de la CV\" data-src=\"https:\/\/alzira.es\/wp-content\/uploads\/2018\/02\/28055828_1623128717767294_8564355783463491223_n.jpg\" alt=\"28055828 1623128717767294 8564355783463491223 n\" width=\"200\" height=\"267\" data-srcset=\"https:\/\/alzira.es\/wp-content\/uploads\/2018\/02\/28055828_1623128717767294_8564355783463491223_n.jpg 720w, https:\/\/alzira.es\/wp-content\/uploads\/2018\/02\/28055828_1623128717767294_8564355783463491223_n-383x510.jpg 383w\" data-sizes=\"(max-width: 200px) 100vw, 200px\" src=\"data:image\/svg+xml;base64,PHN2ZyB3aWR0aD0iMSIgaGVpZ2h0PSIxIiB4bWxucz0iaHR0cDovL3d3dy53My5vcmcvMjAwMC9zdmciPjwvc3ZnPg==\" style=\"--smush-placeholder-width: 200px; --smush-placeholder-aspect-ratio: 200\/267;\" \/><\/a>&nbsp;<a class=\"jcepopup\" style=\"text-align: center;\" title=\"El Consell Municipal de xiquets i xiquetes de Alzira participa en el Foro de trabajo de Consejos de Infancia de la CV\" type=\"image\" href=\"https:\/\/alzira.es\/wp-content\/uploads\/2018\/02\/28167766_1623128621100637_1691712749848807795_n.jpg\" target=\"_blank\" rel=\"noopener\"><img decoding=\"async\" class=\"size-full wp-image-27969 lazyload\" title=\"El Consell Municipal de xiquets i xiquetes de Alzira participa en el Foro de trabajo de Consejos de Infancia de la CV\" data-src=\"https:\/\/alzira.es\/wp-content\/uploads\/2018\/02\/28167766_1623128621100637_1691712749848807795_n.jpg\" alt=\"28167766 1623128621100637 1691712749848807795 n\" width=\"356\" height=\"267\" data-srcset=\"https:\/\/alzira.es\/wp-content\/uploads\/2018\/02\/28167766_1623128621100637_1691712749848807795_n.jpg 960w, https:\/\/alzira.es\/wp-content\/uploads\/2018\/02\/28167766_1623128621100637_1691712749848807795_n-680x510.jpg 680w, https:\/\/alzira.es\/wp-content\/uploads\/2018\/02\/28167766_1623128621100637_1691712749848807795_n-768x576.jpg 768w\" data-sizes=\"(max-width: 356px) 100vw, 356px\" src=\"data:image\/svg+xml;base64,PHN2ZyB3aWR0aD0iMSIgaGVpZ2h0PSIxIiB4bWxucz0iaHR0cDovL3d3dy53My5vcmcvMjAwMC9zdmciPjwvc3ZnPg==\" style=\"--smush-placeholder-width: 356px; --smush-placeholder-aspect-ratio: 356\/267;\" \/><\/a><\/p>\n","protected":false},"excerpt":{"rendered":"<p>Alzira, 20 de febrero 2018.- El curso pasado los ni\u00f1os y ni\u00f1as del Consell Municipal de xiquets i xiquetes, (CMXX) trabajar\u00e1n el proyecto de una nueva Ley de Infancia y Adolescencia de la Generalitat Valenciana con las aportaciones que consideran importantes, un trabajo realizado a propuesta de la Direcci\u00f3n General de Infancia y Adolescencia. La &hellip; <\/p>\n<p class=\"link-more\"><a href=\"https:\/\/alzira.es\/es\/el-consell-municipal-de-xiquets-i-xiquetes-de-alzira-participa-en-el-foro-de-trabajo-de-consejos-de-infancia-de-la-cv\/\" class=\"more-link\">Continuar leyendo<span class=\"screen-reader-text\"> \u00abEl Consell Municipal de xiquets i xiquetes de Alzira participa en el Foro de trabajo de Consejos de Infancia de la CV\u00bb<\/span><\/a><\/p>\n","protected":false},"author":29,"featured_media":27965,"comment_status":"","ping_status":"","sticky":false,"template":"","format":"standard","meta":{"_acf_changed":false,"footnotes":""},"categories":[1893],"tags":[],"class_list":["post-27972","post","type-post","status-publish","format-standard","has-post-thumbnail","hentry","category-hemeroteca"],"acf":[],"_links":{"self":[{"href":"https:\/\/alzira.es\/es\/wp-json\/wp\/v2\/posts\/27972","targetHints":{"allow":["GET"]}}],"collection":[{"href":"https:\/\/alzira.es\/es\/wp-json\/wp\/v2\/posts"}],"about":[{"href":"https:\/\/alzira.es\/es\/wp-json\/wp\/v2\/types\/post"}],"author":[{"embeddable":true,"href":"https:\/\/alzira.es\/es\/wp-json\/wp\/v2\/users\/29"}],"replies":[{"embeddable":true,"href":"https:\/\/alzira.es\/es\/wp-json\/wp\/v2\/comments?post=27972"}],"version-history":[{"count":0,"href":"https:\/\/alzira.es\/es\/wp-json\/wp\/v2\/posts\/27972\/revisions"}],"wp:featuredmedia":[{"embeddable":true,"href":"https:\/\/alzira.es\/es\/wp-json\/wp\/v2\/media\/27965"}],"wp:attachment":[{"href":"https:\/\/alzira.es\/es\/wp-json\/wp\/v2\/media?parent=27972"}],"wp:term":[{"taxonomy":"category","embeddable":true,"href":"https:\/\/alzira.es\/es\/wp-json\/wp\/v2\/categories?post=27972"},{"taxonomy":"post_tag","embeddable":true,"href":"https:\/\/alzira.es\/es\/wp-json\/wp\/v2\/tags?post=27972"}],"curies":[{"name":"wp","href":"https:\/\/api.w.org\/{rel}","templated":true}]}}