{"id":27959,"date":"2018-02-21T13:11:23","date_gmt":"2018-02-21T12:11:23","guid":{"rendered":"https:\/\/alzira.es\/el-jugador-del-cadet-de-la-ud-alzira-nacho-barbera-tindra-un-arbre-en-la-seua-memoria-a-la-urbanitzacio-del-raco\/"},"modified":"2018-02-21T13:11:23","modified_gmt":"2018-02-21T12:11:23","slug":"el-jugador-del-cadet-de-la-ud-alzira-nacho-barbera-tindra-un-arbre-en-la-seua-memoria-a-la-urbanitzacio-del-raco","status":"publish","type":"post","link":"https:\/\/alzira.es\/es\/el-jugador-del-cadet-de-la-ud-alzira-nacho-barbera-tindra-un-arbre-en-la-seua-memoria-a-la-urbanitzacio-del-raco\/","title":{"rendered":"El jugador del cadete de la UD Alzira, Nacho Barber\u00e1, tendr\u00e1 un \u00e1rbol en su memoria en la Urbanizaci\u00f3n de El Rac\u00f3"},"content":{"rendered":"<p style=\"text-align: justify;\">Alzira, 21 de febrero de 2018 &#8211; El pasado s\u00e1bado las concejal\u00edas de Gesti\u00f3n Urban\u00edstica y la de Participaci\u00f3n Ciudadana, junto a la Asociaci\u00f3n de Vecinos de El Rac\u00f3 y los vecinos de esta zona celebraron las actividades correspondientes al mes del \u00e1rbol, en el casco urbano&nbsp;plantando 4 Morus, 5 Celtios australi, 3 quercusilex, 3 Fraxinus, 1 jacarand\u00e1 y 15 murtas.<\/p>\n<p style=\"text-align: justify;\">A petici\u00f3n de el AAVV de El Rac\u00f3, se plant\u00f3 un \u00e1rbol en recuerdo de Nacho Barber\u00e1, jugador del cadete de la UD Alzira que nos dej\u00f3 hace tan solos unos d\u00edas, mientras jugaba con su equipo de f\u00fatbol. Nacho era vecino de esta urbanizaci\u00f3n y en su memoria se ha plantado una jacarand\u00e1.<\/p>\n<p style=\"text-align: justify;\">Desde las concejal\u00edas de Gesti\u00f3n Urban\u00edstica y de Participaci\u00f3n Ciudadana, queremos agradecer la colaboraci\u00f3n de la Asociaci\u00f3n Amigos de la Murta, en la cooperativa ALZICOOP, a Protecci\u00f3n Civil, a los trabajadores de la empresa Talher y a la t\u00e9cnica de Zonas Verdes del Ayuntamiento de Alzira, que durante la jornada del s\u00e1bado realizaran la plantaci\u00f3n de \u00e1rboles.<\/p>\n<p style=\"text-align: justify;\">\u00abLos \u00e1rboles son un elemento capital para la calidad de vida de los humanos en las ciudades. La participaci\u00f3n ciudadana es primordial para fomentar la implicaci\u00f3n y concienciaci\u00f3n por el bien de nuestro entorno, la habitabilidad de las ciudades es un factor clave para el desarrollo local, y los \u00e1rboles son uno de los elementos que m\u00e1s contribuyen al bienestar humano\u00bb, asegur\u00f3 el concejal de Gesti\u00f3n Urban\u00edstica, Fernando Pascual, en el acto que se celebr\u00f3 en El Rac\u00f3 el mismo s\u00e1bado.<\/p>\n<p style=\"text-align: justify;\">El pr\u00f3ximo s\u00e1bado, 24 de febrero, se continuar\u00e1 con las actividades programadas dentro del mes del \u00e1rbol, en esta ocasi\u00f3n ser\u00e1 la zona de la Nueva Alzira la que recibir\u00e1 ejemplares de \u00e1rboles aut\u00f3ctonos, donde su Asociaci\u00f3n de Vecinos ha organizado un ma\u00f1ana junto a los vecinos de la zona.<\/p>\n<p style=\"text-align: center;\"><a class=\"jcepopup\" title=\"El jugador del cadet de la UD Alzira, Nacho Barber\u00e1, tindr\u00e0 un arbre en la seua mem\u00f2ria a la Urbanitzaci\u00f3 del Rac\u00f3\" href=\"https:\/\/alzira.es\/wp-content\/uploads\/2018\/02\/IMG-20180217-WA0024.jpg\" target=\"_blank\" rel=\"noopener\"><img fetchpriority=\"high\" decoding=\"async\" class=\" size-full wp-image-27955\" title=\"El jugador del cadet de la UD Alzira, Nacho Barber\u00e1, tindr\u00e0 un arbre en la seua mem\u00f2ria a la Urbanitzaci\u00f3 del Rac\u00f3\" src=\"https:\/\/alzira.es\/wp-content\/uploads\/2018\/02\/IMG-20180217-WA0024.jpg\" alt=\"IMG-20180217-WA0024\" width=\"257\" height=\"343\" srcset=\"https:\/\/alzira.es\/wp-content\/uploads\/2018\/02\/IMG-20180217-WA0024.jpg 1200w, https:\/\/alzira.es\/wp-content\/uploads\/2018\/02\/IMG-20180217-WA0024-383x510.jpg 383w, https:\/\/alzira.es\/wp-content\/uploads\/2018\/02\/IMG-20180217-WA0024-804x1072.jpg 804w, https:\/\/alzira.es\/wp-content\/uploads\/2018\/02\/IMG-20180217-WA0024-768x1024.jpg 768w, https:\/\/alzira.es\/wp-content\/uploads\/2018\/02\/IMG-20180217-WA0024-1152x1536.jpg 1152w\" sizes=\"(max-width: 257px) 100vw, 257px\" \/><\/a>&nbsp;<a class=\"jcepopup\" style=\"text-align: center;\" title=\"El jugador del cadet de la UD Alzira, Nacho Barber\u00e1, tindr\u00e0 un arbre en la seua mem\u00f2ria a la Urbanitzaci\u00f3 del Rac\u00f3\" type=\"image\" href=\"https:\/\/alzira.es\/wp-content\/uploads\/2018\/02\/IMG-20180217-WA0065.jpg\" target=\"_blank\" rel=\"noopener\"><img decoding=\"async\" class=\"size-full wp-image-27956 lazyload\" title=\"El jugador del cadet de la UD Alzira, Nacho Barber\u00e1, tindr\u00e0 un arbre en la seua mem\u00f2ria a la Urbanitzaci\u00f3 del Rac\u00f3\" data-src=\"https:\/\/alzira.es\/wp-content\/uploads\/2018\/02\/IMG-20180217-WA0065.jpg\" alt=\"IMG-20180217-WA0065\" width=\"457\" height=\"343\" data-srcset=\"https:\/\/alzira.es\/wp-content\/uploads\/2018\/02\/IMG-20180217-WA0065.jpg 1600w, https:\/\/alzira.es\/wp-content\/uploads\/2018\/02\/IMG-20180217-WA0065-680x510.jpg 680w, https:\/\/alzira.es\/wp-content\/uploads\/2018\/02\/IMG-20180217-WA0065-1430x1072.jpg 1430w, https:\/\/alzira.es\/wp-content\/uploads\/2018\/02\/IMG-20180217-WA0065-768x576.jpg 768w, https:\/\/alzira.es\/wp-content\/uploads\/2018\/02\/IMG-20180217-WA0065-1536x1152.jpg 1536w\" data-sizes=\"(max-width: 457px) 100vw, 457px\" src=\"data:image\/svg+xml;base64,PHN2ZyB3aWR0aD0iMSIgaGVpZ2h0PSIxIiB4bWxucz0iaHR0cDovL3d3dy53My5vcmcvMjAwMC9zdmciPjwvc3ZnPg==\" style=\"--smush-placeholder-width: 457px; --smush-placeholder-aspect-ratio: 457\/343;\" \/><\/a><\/p>\n","protected":false},"excerpt":{"rendered":"<p>Alzira, 21 de febrero de 2018 &#8211; El pasado s\u00e1bado las concejal\u00edas de Gesti\u00f3n Urban\u00edstica y la de Participaci\u00f3n Ciudadana, junto a la Asociaci\u00f3n de Vecinos de El Rac\u00f3 y los vecinos de esta zona celebraron las actividades correspondientes al mes del \u00e1rbol, en el casco urbano&nbsp;plantando 4 Morus, 5 Celtios australi, 3 quercusilex, 3 &hellip; <\/p>\n<p class=\"link-more\"><a href=\"https:\/\/alzira.es\/es\/el-jugador-del-cadet-de-la-ud-alzira-nacho-barbera-tindra-un-arbre-en-la-seua-memoria-a-la-urbanitzacio-del-raco\/\" class=\"more-link\">Continuar leyendo<span class=\"screen-reader-text\"> \u00abEl jugador del cadete de la UD Alzira, Nacho Barber\u00e1, tendr\u00e1 un \u00e1rbol en su memoria en la Urbanizaci\u00f3n de El Rac\u00f3\u00bb<\/span><\/a><\/p>\n","protected":false},"author":29,"featured_media":27955,"comment_status":"","ping_status":"","sticky":false,"template":"","format":"standard","meta":{"_acf_changed":false,"footnotes":""},"categories":[1893],"tags":[],"class_list":["post-27959","post","type-post","status-publish","format-standard","has-post-thumbnail","hentry","category-hemeroteca"],"acf":[],"_links":{"self":[{"href":"https:\/\/alzira.es\/es\/wp-json\/wp\/v2\/posts\/27959","targetHints":{"allow":["GET"]}}],"collection":[{"href":"https:\/\/alzira.es\/es\/wp-json\/wp\/v2\/posts"}],"about":[{"href":"https:\/\/alzira.es\/es\/wp-json\/wp\/v2\/types\/post"}],"author":[{"embeddable":true,"href":"https:\/\/alzira.es\/es\/wp-json\/wp\/v2\/users\/29"}],"replies":[{"embeddable":true,"href":"https:\/\/alzira.es\/es\/wp-json\/wp\/v2\/comments?post=27959"}],"version-history":[{"count":0,"href":"https:\/\/alzira.es\/es\/wp-json\/wp\/v2\/posts\/27959\/revisions"}],"wp:featuredmedia":[{"embeddable":true,"href":"https:\/\/alzira.es\/es\/wp-json\/wp\/v2\/media\/27955"}],"wp:attachment":[{"href":"https:\/\/alzira.es\/es\/wp-json\/wp\/v2\/media?parent=27959"}],"wp:term":[{"taxonomy":"category","embeddable":true,"href":"https:\/\/alzira.es\/es\/wp-json\/wp\/v2\/categories?post=27959"},{"taxonomy":"post_tag","embeddable":true,"href":"https:\/\/alzira.es\/es\/wp-json\/wp\/v2\/tags?post=27959"}],"curies":[{"name":"wp","href":"https:\/\/api.w.org\/{rel}","templated":true}]}}