{"id":27944,"date":"2018-02-20T19:52:42","date_gmt":"2018-02-20T18:52:42","guid":{"rendered":"https:\/\/alzira.es\/joyeria-revert-campos-racing-y-pedro-andres-son-los-galardonados-de-la-x-semana-de-la-economia\/"},"modified":"2018-02-20T19:52:42","modified_gmt":"2018-02-20T18:52:42","slug":"joyeria-revert-campos-racing-y-pedro-andres-son-los-galardonados-de-la-x-semana-de-la-economia","status":"publish","type":"post","link":"https:\/\/alzira.es\/es\/joyeria-revert-campos-racing-y-pedro-andres-son-los-galardonados-de-la-x-semana-de-la-economia\/","title":{"rendered":"Joyer\u00eda Revert, Campos Racing y Pedro Andr\u00e9s son los galardonados de la X Semana de la Econom\u00eda"},"content":{"rendered":"<p style=\"text-align: justify;\"><em>Se celebra esta semana en la Casa de la Cultura de Alzira<\/em><\/p>\n<p style=\"text-align: justify;\">Alzira, 20 de febrero 2018.- El presidente de la Asociaci\u00f3n Empresarial de Alzira, Ra\u00fal Tudela, anunci\u00f3 ayer en el acto de inauguraci\u00f3n de la X Semana de la Econom\u00eda, los galardonados de esta edici\u00f3n. Joyer\u00eda Revert, Campos Racing y Pedro Andr\u00e9s, recibir\u00e1n el reconocimiento por su trayectoria empresarial este viernes, 23 de febrero, en el acto de entrega de premios de esta consolidada cita.<\/p>\n<p style=\"text-align: justify;\">El acto de inauguraci\u00f3n, celebrado en la Casa de la Cultura, cont\u00f3 con la presencia del Secretario Auton\u00f3mico de Empleo, Enric Nomded\u00e9u, el alcalde de Alzira, Diego G\u00f3mez, y el concejal de Desarrollo Econ\u00f3mico, Trabajo y Proyectos Europeos, Iv\u00e1n Mart\u00ednez.<\/p>\n<p style=\"text-align: justify;\">Hasta este viernes, 23 de febrero, Alzira acoge la Semana de la Econom\u00eda con interesantes jornadas sobre empresa, industria, comercio y \u00e9tica empresarial.<\/p>\n<p style=\"text-align: justify;\">Esta Semana tiene como objetivo ofrecer al empresariado y la ciudadan\u00eda en general un espacio de reflexi\u00f3n. Durante la semana se llevar\u00e1n a cabo conferencias y talleres, y se intentar\u00e1 reunir conclusiones que facilitan la puesta en marcha de acciones tanto de los del sector p\u00fablico como el privado, de la mano de ponentes de reconocido prestigio que descubrir\u00e1n las llaves de los nuevos modelos de negocio y las tendencias empresariales.<\/p>\n<p style=\"text-align: justify;\">Todo lo programado en la Semana de la Econom\u00eda se puede seguir en directo a trav\u00e9s de la web de IDEA <a href=\"http:\/\/www.idea-alzira.com\">www.idea-alzira.com<\/a>.<\/p>\n<p style=\"text-align: center;\"><a class=\"jcepopup\" title=\"X Setmana de l\u2019Economia\" href=\"https:\/\/alzira.es\/wp-content\/uploads\/2018\/02\/27868104_1734846416546860_9153765516188209964_n.jpg\" target=\"_blank\" rel=\"noopener\"><img fetchpriority=\"high\" decoding=\"async\" class=\" size-full wp-image-27937\" title=\"X Setmana de l\u2019Economia\" src=\"https:\/\/alzira.es\/wp-content\/uploads\/2018\/02\/27868104_1734846416546860_9153765516188209964_n.jpg\" alt=\"27868104 1734846416546860 9153765516188209964 n\" width=\"265\" height=\"199\" srcset=\"https:\/\/alzira.es\/wp-content\/uploads\/2018\/02\/27868104_1734846416546860_9153765516188209964_n.jpg 960w, https:\/\/alzira.es\/wp-content\/uploads\/2018\/02\/27868104_1734846416546860_9153765516188209964_n-680x510.jpg 680w, https:\/\/alzira.es\/wp-content\/uploads\/2018\/02\/27868104_1734846416546860_9153765516188209964_n-768x576.jpg 768w\" sizes=\"(max-width: 265px) 100vw, 265px\" \/><\/a>&nbsp;<a class=\"jcepopup\" style=\"text-align: center;\" title=\"X Setmana de l\u2019Economia\" type=\"image\" href=\"https:\/\/alzira.es\/wp-content\/uploads\/2018\/02\/27973016_1734846923213476_6580411858175060295_n.jpg\" target=\"_blank\" rel=\"noopener\"><img decoding=\"async\" class=\"size-full wp-image-27940 lazyload\" title=\"X Setmana de l\u2019Economia\" data-src=\"https:\/\/alzira.es\/wp-content\/uploads\/2018\/02\/27973016_1734846923213476_6580411858175060295_n.jpg\" alt=\"27973016 1734846923213476 6580411858175060295 n\" width=\"265\" height=\"199\" data-srcset=\"https:\/\/alzira.es\/wp-content\/uploads\/2018\/02\/27973016_1734846923213476_6580411858175060295_n.jpg 960w, https:\/\/alzira.es\/wp-content\/uploads\/2018\/02\/27973016_1734846923213476_6580411858175060295_n-680x510.jpg 680w, https:\/\/alzira.es\/wp-content\/uploads\/2018\/02\/27973016_1734846923213476_6580411858175060295_n-768x576.jpg 768w\" data-sizes=\"(max-width: 265px) 100vw, 265px\" src=\"data:image\/svg+xml;base64,PHN2ZyB3aWR0aD0iMSIgaGVpZ2h0PSIxIiB4bWxucz0iaHR0cDovL3d3dy53My5vcmcvMjAwMC9zdmciPjwvc3ZnPg==\" style=\"--smush-placeholder-width: 265px; --smush-placeholder-aspect-ratio: 265\/199;\" \/><\/a>&nbsp;<a class=\"jcepopup\" style=\"text-align: center;\" title=\"X Setmana de l\u2019Economia\" type=\"image\" href=\"https:\/\/alzira.es\/wp-content\/uploads\/2018\/02\/28276708_1734846989880136_4433751253893078534_n.jpg\" target=\"_blank\" rel=\"noopener\"><img decoding=\"async\" class=\"size-full wp-image-27942 lazyload\" title=\"X Setmana de l\u2019Economia\" data-src=\"https:\/\/alzira.es\/wp-content\/uploads\/2018\/02\/28276708_1734846989880136_4433751253893078534_n.jpg\" alt=\"28276708 1734846989880136 4433751253893078534 n\" width=\"265\" height=\"199\" data-srcset=\"https:\/\/alzira.es\/wp-content\/uploads\/2018\/02\/28276708_1734846989880136_4433751253893078534_n.jpg 960w, https:\/\/alzira.es\/wp-content\/uploads\/2018\/02\/28276708_1734846989880136_4433751253893078534_n-680x510.jpg 680w, https:\/\/alzira.es\/wp-content\/uploads\/2018\/02\/28276708_1734846989880136_4433751253893078534_n-768x576.jpg 768w\" data-sizes=\"(max-width: 265px) 100vw, 265px\" src=\"data:image\/svg+xml;base64,PHN2ZyB3aWR0aD0iMSIgaGVpZ2h0PSIxIiB4bWxucz0iaHR0cDovL3d3dy53My5vcmcvMjAwMC9zdmciPjwvc3ZnPg==\" style=\"--smush-placeholder-width: 265px; --smush-placeholder-aspect-ratio: 265\/199;\" \/><\/a><\/p>\n","protected":false},"excerpt":{"rendered":"<p>Se celebra esta semana en la Casa de la Cultura de Alzira Alzira, 20 de febrero 2018.- El presidente de la Asociaci\u00f3n Empresarial de Alzira, Ra\u00fal Tudela, anunci\u00f3 ayer en el acto de inauguraci\u00f3n de la X Semana de la Econom\u00eda, los galardonados de esta edici\u00f3n. Joyer\u00eda Revert, Campos Racing y Pedro Andr\u00e9s, recibir\u00e1n el &hellip; <\/p>\n<p class=\"link-more\"><a href=\"https:\/\/alzira.es\/es\/joyeria-revert-campos-racing-y-pedro-andres-son-los-galardonados-de-la-x-semana-de-la-economia\/\" class=\"more-link\">Continuar leyendo<span class=\"screen-reader-text\"> \u00abJoyer\u00eda Revert, Campos Racing y Pedro Andr\u00e9s son los galardonados de la X Semana de la Econom\u00eda\u00bb<\/span><\/a><\/p>\n","protected":false},"author":29,"featured_media":27937,"comment_status":"","ping_status":"","sticky":false,"template":"","format":"standard","meta":{"_acf_changed":false,"footnotes":""},"categories":[1893],"tags":[],"class_list":["post-27944","post","type-post","status-publish","format-standard","has-post-thumbnail","hentry","category-hemeroteca"],"acf":[],"_links":{"self":[{"href":"https:\/\/alzira.es\/es\/wp-json\/wp\/v2\/posts\/27944","targetHints":{"allow":["GET"]}}],"collection":[{"href":"https:\/\/alzira.es\/es\/wp-json\/wp\/v2\/posts"}],"about":[{"href":"https:\/\/alzira.es\/es\/wp-json\/wp\/v2\/types\/post"}],"author":[{"embeddable":true,"href":"https:\/\/alzira.es\/es\/wp-json\/wp\/v2\/users\/29"}],"replies":[{"embeddable":true,"href":"https:\/\/alzira.es\/es\/wp-json\/wp\/v2\/comments?post=27944"}],"version-history":[{"count":0,"href":"https:\/\/alzira.es\/es\/wp-json\/wp\/v2\/posts\/27944\/revisions"}],"wp:featuredmedia":[{"embeddable":true,"href":"https:\/\/alzira.es\/es\/wp-json\/wp\/v2\/media\/27937"}],"wp:attachment":[{"href":"https:\/\/alzira.es\/es\/wp-json\/wp\/v2\/media?parent=27944"}],"wp:term":[{"taxonomy":"category","embeddable":true,"href":"https:\/\/alzira.es\/es\/wp-json\/wp\/v2\/categories?post=27944"},{"taxonomy":"post_tag","embeddable":true,"href":"https:\/\/alzira.es\/es\/wp-json\/wp\/v2\/tags?post=27944"}],"curies":[{"name":"wp","href":"https:\/\/api.w.org\/{rel}","templated":true}]}}