{"id":27934,"date":"2018-02-20T15:52:45","date_gmt":"2018-02-20T14:52:45","guid":{"rendered":"https:\/\/alzira.es\/celebrem-el-dia-de-la-llengua-materna\/"},"modified":"2018-02-20T15:52:45","modified_gmt":"2018-02-20T14:52:45","slug":"celebrem-el-dia-de-la-llengua-materna","status":"publish","type":"post","link":"https:\/\/alzira.es\/es\/celebrem-el-dia-de-la-llengua-materna\/","title":{"rendered":"Celebramos el d\u00eda de la lengua materna"},"content":{"rendered":"<p style=\"text-align: justify;\">Alzira, 20 de febrero de 2018.- Ma\u00f1ana se celebra el d\u00eda internacional de la lengua materna, declarado por la UNESCO 1999 con el objetivo de reforzar el papel de las lenguas peque\u00f1as.<\/p>\n<p style=\"text-align: justify;\">Alzira vuelve a adherirse a la celebraci\u00f3n y por eso la concejal\u00eda de Educaci\u00f3n e Infancia y Alzira Radio han preparado una programaci\u00f3n especial, que empezar\u00e1 a las 11 del ma\u00f1ana hasta la una del mediod\u00eda.<\/p>\n<p style=\"text-align: justify;\">A lo largo de estas dos horas intervendr\u00e1n, el alcalde de Alzira, Diego G\u00f3mez, el concejal de Educaci\u00f3n, Pepe Grau, el t\u00e9cnico de Serval, Jordi Gim\u00e9nez, Pura Santacreu, Alba Fluix\u00e0 y el alumnado galardonado en los diferentes concursos de valenciano, entre otros.<\/p>\n<p style=\"text-align: justify;\">La intenci\u00f3n de esta conmemoraci\u00f3n es mantener la presencia del valenciano en los medios de comunicaci\u00f3n y en la vida diaria y no ser superados por la influencia de lenguas mayoritarias.<\/p>\n<p style=\"text-align: justify;\">La UNESCO firm\u00f3 el compromiso internacional para promover el pluriling\u00fcismo y la diversidad idiom\u00e1tica y as\u00ed lo han hecho otras administraciones a varios niveles.<br \/>Un idioma va de la mano de un pueblo y las diferentes tradiciones, m\u00e9todos y culturas enriquecen nuestro panorama, en campos tan diversos como la educaci\u00f3n o la innovaci\u00f3n y los avances cient\u00edficos. Una lengua que es capaz de adaptarse a los nuevos tiempos y pervivir enriquecer\u00e1 nuestra sociedad.<\/p>\n<p style=\"text-align: justify;\">La promoci\u00f3n del uso del valenciano, con el Serval o las emisiones de Alzira Radio y la defensa de lengua materna de alzire\u00f1os y alzire\u00f1as no se limita a la celebraci\u00f3n del D\u00eda Internacional de la Lengua Materna, sino que se practica a lo largo de todo el a\u00f1o tanto desde el \u00e1mbito de la administraci\u00f3n, como por parte de entidades culturales y asociaciones de la ciudad.<\/p>\n<p style=\"text-align: justify;\"><strong>Los d\u00edas internacionales<\/strong><\/p>\n<p style=\"text-align: justify;\">El objetivo de la celebraci\u00f3n de los d\u00edas internacionales es contribuir en todo el mundo con el cumplimiento de los objetivos de la carta de Naciones Unidas y sensibilizar al p\u00fablico alrededor de temas pol\u00edticos, sociales, culturales, humanitarios o relacionados con los derechos de las personas. Son ocasiones para promover acciones nacionales e internacionales y despertar el inter\u00e9s sobre programas y actividades de Naciones Unidas.<\/p>\n","protected":false},"excerpt":{"rendered":"<p>Alzira, 20 de febrero de 2018.- Ma\u00f1ana se celebra el d\u00eda internacional de la lengua materna, declarado por la UNESCO 1999 con el objetivo de reforzar el papel de las lenguas peque\u00f1as. Alzira vuelve a adherirse a la celebraci\u00f3n y por eso la concejal\u00eda de Educaci\u00f3n e Infancia y Alzira Radio han preparado una programaci\u00f3n &hellip; <\/p>\n<p class=\"link-more\"><a href=\"https:\/\/alzira.es\/es\/celebrem-el-dia-de-la-llengua-materna\/\" class=\"more-link\">Continuar leyendo<span class=\"screen-reader-text\"> \u00abCelebramos el d\u00eda de la lengua materna\u00bb<\/span><\/a><\/p>\n","protected":false},"author":29,"featured_media":0,"comment_status":"","ping_status":"","sticky":false,"template":"","format":"standard","meta":{"_acf_changed":false,"footnotes":""},"categories":[1893],"tags":[],"class_list":["post-27934","post","type-post","status-publish","format-standard","hentry","category-hemeroteca"],"acf":[],"_links":{"self":[{"href":"https:\/\/alzira.es\/es\/wp-json\/wp\/v2\/posts\/27934","targetHints":{"allow":["GET"]}}],"collection":[{"href":"https:\/\/alzira.es\/es\/wp-json\/wp\/v2\/posts"}],"about":[{"href":"https:\/\/alzira.es\/es\/wp-json\/wp\/v2\/types\/post"}],"author":[{"embeddable":true,"href":"https:\/\/alzira.es\/es\/wp-json\/wp\/v2\/users\/29"}],"replies":[{"embeddable":true,"href":"https:\/\/alzira.es\/es\/wp-json\/wp\/v2\/comments?post=27934"}],"version-history":[{"count":0,"href":"https:\/\/alzira.es\/es\/wp-json\/wp\/v2\/posts\/27934\/revisions"}],"wp:attachment":[{"href":"https:\/\/alzira.es\/es\/wp-json\/wp\/v2\/media?parent=27934"}],"wp:term":[{"taxonomy":"category","embeddable":true,"href":"https:\/\/alzira.es\/es\/wp-json\/wp\/v2\/categories?post=27934"},{"taxonomy":"post_tag","embeddable":true,"href":"https:\/\/alzira.es\/es\/wp-json\/wp\/v2\/tags?post=27934"}],"curies":[{"name":"wp","href":"https:\/\/api.w.org\/{rel}","templated":true}]}}