{"id":27920,"date":"2018-02-19T19:50:43","date_gmt":"2018-02-19T18:50:43","guid":{"rendered":"https:\/\/alzira.es\/la-regidoria-de-funcio-publica-i-organitzacio-de-l-ajuntament-d-alzira-amb-umivale-organitzen-una-jornada-per-a-informar-sobre-el-cancer-de-colon-mama-i-cervix\/"},"modified":"2018-02-19T19:50:43","modified_gmt":"2018-02-19T18:50:43","slug":"la-regidoria-de-funcio-publica-i-organitzacio-de-l-ajuntament-d-alzira-amb-umivale-organitzen-una-jornada-per-a-informar-sobre-el-cancer-de-colon-mama-i-cervix","status":"publish","type":"post","link":"https:\/\/alzira.es\/es\/la-regidoria-de-funcio-publica-i-organitzacio-de-l-ajuntament-d-alzira-amb-umivale-organitzen-una-jornada-per-a-informar-sobre-el-cancer-de-colon-mama-i-cervix\/","title":{"rendered":"La concejal\u00eda de Funci\u00f3n P\u00fablica y Organizaci\u00f3n del Ayuntamiento de Alzira y UMIVALE organizan una jornada para informar sobre el c\u00e1ncer de colon, mama y c\u00e9rvix"},"content":{"rendered":"<p style=\"text-align: justify;\">Alzira, 19 de febrero del 2018. La concejal\u00eda de Funci\u00f3n P\u00fablica y Organizaci\u00f3n del Ayuntamiento de Alzira y la mutua UMIVALE, en colaboraci\u00f3n con la Conselleria de Sanidad, organizan una Jornada para informar sobre el c\u00e1ncer de colon, mama y c\u00e9rvix. La Jornada tendr\u00e1 lugar el pr\u00f3ximo jueves, d\u00eda 22 de febrero de 2018, a las 13:30 h, en el Sal\u00f3n de Actos de la Casa Consistorial. La duraci\u00f3n aproximada ser\u00e1 de una hora.<\/p>\n<p style=\"text-align: justify;\">En la conferencia, participar\u00e1n Luis Albert Rico, director territorial de UMIVALE, Asensio Garc\u00eda Mach\u00ed, t\u00e9cnico de Promoci\u00f3n de la Salud del Centro de Salud P\u00fablica de la Ribera y el Concejal de Funci\u00f3n P\u00fablica y Organizaci\u00f3n del Ayuntamiento de Alzira, Iv\u00e1n Mart\u00ednez Araque.<\/p>\n<p style=\"text-align: center;\"><a class=\"jcepopup\" title=\"jornada per a informar sobre el c\u00e0ncer de colon, mama i c\u00e8rvix\" href=\"https:\/\/alzira.es\/wp-content\/uploads\/2018\/02\/programa_organizacion_saludable_alzira.pdf\" target=\"_blank\" rel=\"noopener\"><img fetchpriority=\"high\" decoding=\"async\" class=\" size-full wp-image-27726\" title=\"jornada per a informar sobre el c\u00e0ncer de colon, mama i c\u00e8rvix\" src=\"https:\/\/alzira.es\/wp-content\/uploads\/2018\/02\/organizacion_saludable.png\" alt=\"organizacion saludable\" width=\"800\" height=\"1134\" srcset=\"https:\/\/alzira.es\/wp-content\/uploads\/2018\/02\/organizacion_saludable.png 906w, https:\/\/alzira.es\/wp-content\/uploads\/2018\/02\/organizacion_saludable-360x510.png 360w, https:\/\/alzira.es\/wp-content\/uploads\/2018\/02\/organizacion_saludable-756x1072.png 756w, https:\/\/alzira.es\/wp-content\/uploads\/2018\/02\/organizacion_saludable-768x1088.png 768w\" sizes=\"(max-width: 706px) 89vw, (max-width: 767px) 82vw, 740px\" \/><\/a><\/p>\n","protected":false},"excerpt":{"rendered":"<p>Alzira, 19 de febrero del 2018. La concejal\u00eda de Funci\u00f3n P\u00fablica y Organizaci\u00f3n del Ayuntamiento de Alzira y la mutua UMIVALE, en colaboraci\u00f3n con la Conselleria de Sanidad, organizan una Jornada para informar sobre el c\u00e1ncer de colon, mama y c\u00e9rvix. La Jornada tendr\u00e1 lugar el pr\u00f3ximo jueves, d\u00eda 22 de febrero de 2018, a &hellip; <\/p>\n<p class=\"link-more\"><a href=\"https:\/\/alzira.es\/es\/la-regidoria-de-funcio-publica-i-organitzacio-de-l-ajuntament-d-alzira-amb-umivale-organitzen-una-jornada-per-a-informar-sobre-el-cancer-de-colon-mama-i-cervix\/\" class=\"more-link\">Continuar leyendo<span class=\"screen-reader-text\"> \u00abLa concejal\u00eda de Funci\u00f3n P\u00fablica y Organizaci\u00f3n del Ayuntamiento de Alzira y UMIVALE organizan una jornada para informar sobre el c\u00e1ncer de colon, mama y c\u00e9rvix\u00bb<\/span><\/a><\/p>\n","protected":false},"author":29,"featured_media":27726,"comment_status":"","ping_status":"","sticky":false,"template":"","format":"standard","meta":{"_acf_changed":false,"footnotes":""},"categories":[1893],"tags":[],"class_list":["post-27920","post","type-post","status-publish","format-standard","has-post-thumbnail","hentry","category-hemeroteca"],"acf":[],"_links":{"self":[{"href":"https:\/\/alzira.es\/es\/wp-json\/wp\/v2\/posts\/27920","targetHints":{"allow":["GET"]}}],"collection":[{"href":"https:\/\/alzira.es\/es\/wp-json\/wp\/v2\/posts"}],"about":[{"href":"https:\/\/alzira.es\/es\/wp-json\/wp\/v2\/types\/post"}],"author":[{"embeddable":true,"href":"https:\/\/alzira.es\/es\/wp-json\/wp\/v2\/users\/29"}],"replies":[{"embeddable":true,"href":"https:\/\/alzira.es\/es\/wp-json\/wp\/v2\/comments?post=27920"}],"version-history":[{"count":0,"href":"https:\/\/alzira.es\/es\/wp-json\/wp\/v2\/posts\/27920\/revisions"}],"wp:featuredmedia":[{"embeddable":true,"href":"https:\/\/alzira.es\/es\/wp-json\/wp\/v2\/media\/27726"}],"wp:attachment":[{"href":"https:\/\/alzira.es\/es\/wp-json\/wp\/v2\/media?parent=27920"}],"wp:term":[{"taxonomy":"category","embeddable":true,"href":"https:\/\/alzira.es\/es\/wp-json\/wp\/v2\/categories?post=27920"},{"taxonomy":"post_tag","embeddable":true,"href":"https:\/\/alzira.es\/es\/wp-json\/wp\/v2\/tags?post=27920"}],"curies":[{"name":"wp","href":"https:\/\/api.w.org\/{rel}","templated":true}]}}