{"id":27913,"date":"2018-02-20T13:44:21","date_gmt":"2018-02-20T12:44:21","guid":{"rendered":"https:\/\/alzira.es\/alzira-continua-amb-el-programa-de-voluntariat-lingueistic\/"},"modified":"2018-02-20T13:44:21","modified_gmt":"2018-02-20T12:44:21","slug":"alzira-continua-amb-el-programa-de-voluntariat-lingueistic","status":"publish","type":"post","link":"https:\/\/alzira.es\/es\/alzira-continua-amb-el-programa-de-voluntariat-lingueistic\/","title":{"rendered":"Alzira contin\u00faa con el programa de voluntariado ling\u00fc\u00edstico"},"content":{"rendered":"<p style=\"text-align: justify;\">Alzira, 20 de febrero de 2018.- Ma\u00f1ana, 21 de febrero, se presentar\u00e1 el Voluntariat pel Valenci\u00e0, a las 18 horas, en el Sal\u00f3n de Plenos del Ayuntamiento de Alzira (4\u00aa planta). Intervendr\u00e1n por parte del Ayuntamiento, el alcalde, Diego G\u00f3mez y la concejala de Cultura y Promoci\u00f3n del Valenciano, Aida Ginestar, y por Escola Valenciana, Dariana Groza, coordinadora y t\u00e9cnica del Programa.<\/p>\n<p style=\"text-align: justify;\">El Voluntariat pel Valenci\u00e0 es el proyecto de participaci\u00f3n ling\u00fc\u00edstica que tiene por objetivo poner en contacto voluntarios que quieran destinar una hora a la semana (durante un m\u00ednimo de 10 semanas) a conversar con personas que quieren lanzarse a hablar en valenciano.<\/p>\n<p style=\"text-align: justify;\">Esta iniciativa, adem\u00e1s de facilitar un interlocutor para poder conversar en valenciano, quiere incidir en los h\u00e1bitos ling\u00fc\u00edsticos de los valencianohablantes y consolidar la idea de que el valenciano es y debe ser \u00ablengua de acogida\u00bb para gente que no tenga el valenciano como lengua materna. Y como ejemplo muy ilustrativo, se encuentra Dariana Groza, coordinadora del Programa. Groza es rumana de origen y una muestra muy evidente que el valenciano es una herramienta ideal para integrar a los reci\u00e9n llegados.<\/p>\n<p style=\"text-align: justify;\">El Voluntariat pel Valenci\u00e0 de Escola Valenciana se cre\u00f3 en el a\u00f1o 2005 y, en estos 12 a\u00f1os de bagaje, ha conseguido poner en contacto a cerca de 23.000 voluntarios y voluntarias de 72 localidades diferentes. En Alzira esto supone una continuaci\u00f3n, por segundo a\u00f1o, del Convenio de colaboraci\u00f3n entre el Ayuntamiento de Alzira y Escola Valenciana.<br \/>El acto es de notable importancia tanto para la ense\u00f1anza y promoci\u00f3n del valenciano como para lo que supone el proyecto de integraci\u00f3n en nuestra sociedad, para las personas que vienen de fuera de nuestra ciudad y de la Comunitat Valenciana y que quieren aprender la cultura, costumbres e idioma propios de los valencianos.<\/p>\n<p style=\"text-align: center;\"><a class=\"jcepopup\" title=\"FITXA D'INSCRIPCI\u00d3\" href=\"https:\/\/alzira.es\/wp-content\/uploads\/2018\/02\/fitxa_inscripcio_VV.pdf\" target=\"_blank\" rel=\"noopener\"><img fetchpriority=\"high\" decoding=\"async\" width=\"678\" height=\"963\" class=\" size-full wp-image-27910\" title=\"FITXA D'INSCRIPCI\u00d3\" src=\"https:\/\/alzira.es\/wp-content\/uploads\/2018\/02\/fitxa_inscripcio_VV.png\" alt=\"fitxa inscripcio VV\" srcset=\"https:\/\/alzira.es\/wp-content\/uploads\/2018\/02\/fitxa_inscripcio_VV.png 678w, https:\/\/alzira.es\/wp-content\/uploads\/2018\/02\/fitxa_inscripcio_VV-359x510.png 359w\" sizes=\"(max-width: 678px) 100vw, 678px\" \/><\/a><\/p>\n","protected":false},"excerpt":{"rendered":"<p>Alzira, 20 de febrero de 2018.- Ma\u00f1ana, 21 de febrero, se presentar\u00e1 el Voluntariat pel Valenci\u00e0, a las 18 horas, en el Sal\u00f3n de Plenos del Ayuntamiento de Alzira (4\u00aa planta). Intervendr\u00e1n por parte del Ayuntamiento, el alcalde, Diego G\u00f3mez y la concejala de Cultura y Promoci\u00f3n del Valenciano, Aida Ginestar, y por Escola Valenciana, &hellip; <\/p>\n<p class=\"link-more\"><a href=\"https:\/\/alzira.es\/es\/alzira-continua-amb-el-programa-de-voluntariat-lingueistic\/\" class=\"more-link\">Continuar leyendo<span class=\"screen-reader-text\"> \u00abAlzira contin\u00faa con el programa de voluntariado ling\u00fc\u00edstico\u00bb<\/span><\/a><\/p>\n","protected":false},"author":29,"featured_media":27910,"comment_status":"","ping_status":"","sticky":false,"template":"","format":"standard","meta":{"_acf_changed":false,"footnotes":""},"categories":[1893],"tags":[],"class_list":["post-27913","post","type-post","status-publish","format-standard","has-post-thumbnail","hentry","category-hemeroteca"],"acf":[],"_links":{"self":[{"href":"https:\/\/alzira.es\/es\/wp-json\/wp\/v2\/posts\/27913","targetHints":{"allow":["GET"]}}],"collection":[{"href":"https:\/\/alzira.es\/es\/wp-json\/wp\/v2\/posts"}],"about":[{"href":"https:\/\/alzira.es\/es\/wp-json\/wp\/v2\/types\/post"}],"author":[{"embeddable":true,"href":"https:\/\/alzira.es\/es\/wp-json\/wp\/v2\/users\/29"}],"replies":[{"embeddable":true,"href":"https:\/\/alzira.es\/es\/wp-json\/wp\/v2\/comments?post=27913"}],"version-history":[{"count":0,"href":"https:\/\/alzira.es\/es\/wp-json\/wp\/v2\/posts\/27913\/revisions"}],"wp:featuredmedia":[{"embeddable":true,"href":"https:\/\/alzira.es\/es\/wp-json\/wp\/v2\/media\/27910"}],"wp:attachment":[{"href":"https:\/\/alzira.es\/es\/wp-json\/wp\/v2\/media?parent=27913"}],"wp:term":[{"taxonomy":"category","embeddable":true,"href":"https:\/\/alzira.es\/es\/wp-json\/wp\/v2\/categories?post=27913"},{"taxonomy":"post_tag","embeddable":true,"href":"https:\/\/alzira.es\/es\/wp-json\/wp\/v2\/tags?post=27913"}],"curies":[{"name":"wp","href":"https:\/\/api.w.org\/{rel}","templated":true}]}}