{"id":27908,"date":"2018-02-20T12:41:33","date_gmt":"2018-02-20T11:41:33","guid":{"rendered":"https:\/\/alzira.es\/alzira-aposta-per-un-model-de-jardineria-sostenible-a-les-rotondes-amb-el-consegueent-estalvi-d-aigua-2\/"},"modified":"2018-02-20T12:41:33","modified_gmt":"2018-02-20T11:41:33","slug":"alzira-aposta-per-un-model-de-jardineria-sostenible-a-les-rotondes-amb-el-consegueent-estalvi-d-aigua-2","status":"publish","type":"post","link":"https:\/\/alzira.es\/es\/alzira-aposta-per-un-model-de-jardineria-sostenible-a-les-rotondes-amb-el-consegueent-estalvi-d-aigua-2\/","title":{"rendered":"Alzira aposta per un model de jardineria sostenible a les rotondes amb el conseg\u00fcent estalvi d\u2019aigua"},"content":{"rendered":"<p style=\"text-align: justify;\">Alzira, 20 de febrer de 2018.- L&#8217;Ajuntament d&#8217;Alzira, des de la Regidoria de Gesti\u00f3 Urban\u00edstica, est\u00e0 condicionant diverses rotondes amb la finalitat de substituir la gespa per un altre tipus d&#8217;arbratge que necessiten menys aigua, \u00abamb el qual es podr\u00e0 aix\u00ed estalviar una gran quantitat de litres\u00bb, segons el regidor de l&#8217;\u00e0rea, Fernando Pascual.<\/p>\n<p style=\"text-align: justify;\">La rotonda de l&#8217;avinguda Luis Su\u00f1er, aix\u00ed com les zones enjardinades del voltant; la rotonda de Joanot Martorell amb la conflu\u00e8ncia amb el carrer Sueca; i la de davant de l&#8217;esgl\u00e9sia Sagrada Fam\u00edlia han sigut on s&#8217;ha actuat en esta primera fase.<\/p>\n<p style=\"text-align: justify;\">Basant-se en els informes elaborats pels t\u00e8cnics municipals, el regidor ha assenyalat que \u00abla reconversi\u00f3 d&#8217;estes zones verdes aconseguir\u00e0 l&#8217;estalvi de 110.000 metres c\u00fabics d&#8217;aigua a l&#8217;any\u00bb.<\/p>\n<p style=\"text-align: justify;\">Es t\u00e9 previst realitzar una segona fase d&#8217;actuaci\u00f3 que comprendria la rotonda situada al final del carrer Gandia, aix\u00ed com les zones verdes del voltant d&#8217;esta. Altres actuacions es duran a terme en el bulevar de Tullell, aix\u00ed com en les zones verdes del pol\u00edgon industrial del Pla.<\/p>\n<p style=\"text-align: justify;\">\u00abPrioritzem la gespa a les zones on el ve\u00efnat pot disfrutar-les, com \u00e9s el cas del parc del Furs, mentre progressivament anirem eliminant-la de les rotondes, ja que s\u00f3n llocs on deu destacar l&#8217;ornamentaci\u00f3 per tractar-se d&#8217;espais que no es poden utilitzar per part de la ciutadania\u00bb, ha remarcat Pascual.<\/p>\n<p style=\"text-align: center;\"><a class=\"jcepopup\" title=\"Alzira aposta per un model de jardineria sostenible a les rotondes amb el conseg\u00fcent estalvi d\u2019aigua\" href=\"https:\/\/alzira.es\/wp-content\/uploads\/2018\/02\/20180219_124623.jpg\" target=\"_blank\" rel=\"noopener\"><img fetchpriority=\"high\" decoding=\"async\" class=\" size-full wp-image-27902\" title=\"Alzira aposta per un model de jardineria sostenible a les rotondes amb el conseg\u00fcent estalvi d\u2019aigua\" src=\"https:\/\/alzira.es\/wp-content\/uploads\/2018\/02\/20180219_124623.jpg\" alt=\"20180219 124623\" width=\"400\" height=\"300\" srcset=\"https:\/\/alzira.es\/wp-content\/uploads\/2018\/02\/20180219_124623.jpg 1200w, https:\/\/alzira.es\/wp-content\/uploads\/2018\/02\/20180219_124623-680x510.jpg 680w, https:\/\/alzira.es\/wp-content\/uploads\/2018\/02\/20180219_124623-768x576.jpg 768w\" sizes=\"(max-width: 400px) 100vw, 400px\" \/><\/a>&nbsp;<a class=\"jcepopup\" style=\"color: #e25b32; text-align: center;\" title=\"Alzira aposta per un model de jardineria sostenible a les rotondes amb el conseg\u00fcent estalvi d\u2019aigua\" type=\"image\" href=\"https:\/\/alzira.es\/wp-content\/uploads\/2018\/02\/20180219_125135.jpg\" target=\"_blank\" rel=\"noopener\"><img decoding=\"async\" class=\"size-full wp-image-27904 lazyload\" title=\"Alzira aposta per un model de jardineria sostenible a les rotondes amb el conseg\u00fcent estalvi d\u2019aigua\" data-src=\"https:\/\/alzira.es\/wp-content\/uploads\/2018\/02\/20180219_125135.jpg\" alt=\"20180219 125135\" width=\"400\" height=\"300\" data-srcset=\"https:\/\/alzira.es\/wp-content\/uploads\/2018\/02\/20180219_125135.jpg 1200w, https:\/\/alzira.es\/wp-content\/uploads\/2018\/02\/20180219_125135-680x510.jpg 680w, https:\/\/alzira.es\/wp-content\/uploads\/2018\/02\/20180219_125135-768x576.jpg 768w\" data-sizes=\"(max-width: 400px) 100vw, 400px\" src=\"data:image\/svg+xml;base64,PHN2ZyB3aWR0aD0iMSIgaGVpZ2h0PSIxIiB4bWxucz0iaHR0cDovL3d3dy53My5vcmcvMjAwMC9zdmciPjwvc3ZnPg==\" style=\"--smush-placeholder-width: 400px; --smush-placeholder-aspect-ratio: 400\/300;\" \/><\/a><\/p>\n","protected":false},"excerpt":{"rendered":"<p>Alzira, 20 de febrer de 2018.- L&#8217;Ajuntament d&#8217;Alzira, des de la Regidoria de Gesti\u00f3 Urban\u00edstica, est\u00e0 condicionant diverses rotondes amb la finalitat de substituir la gespa per un altre tipus d&#8217;arbratge que necessiten menys aigua, \u00abamb el qual es podr\u00e0 aix\u00ed estalviar una gran quantitat de litres\u00bb, segons el regidor de l&#8217;\u00e0rea, Fernando Pascual. La &hellip; <\/p>\n<p class=\"link-more\"><a href=\"https:\/\/alzira.es\/es\/alzira-aposta-per-un-model-de-jardineria-sostenible-a-les-rotondes-amb-el-consegueent-estalvi-d-aigua-2\/\" class=\"more-link\">Continuar leyendo<span class=\"screen-reader-text\"> \u00abAlzira aposta per un model de jardineria sostenible a les rotondes amb el conseg\u00fcent estalvi d\u2019aigua\u00bb<\/span><\/a><\/p>\n","protected":false},"author":29,"featured_media":27902,"comment_status":"","ping_status":"","sticky":false,"template":"","format":"standard","meta":{"_acf_changed":false,"footnotes":""},"categories":[],"tags":[],"class_list":["post-27908","post","type-post","status-publish","format-standard","has-post-thumbnail","hentry"],"acf":[],"_links":{"self":[{"href":"https:\/\/alzira.es\/es\/wp-json\/wp\/v2\/posts\/27908","targetHints":{"allow":["GET"]}}],"collection":[{"href":"https:\/\/alzira.es\/es\/wp-json\/wp\/v2\/posts"}],"about":[{"href":"https:\/\/alzira.es\/es\/wp-json\/wp\/v2\/types\/post"}],"author":[{"embeddable":true,"href":"https:\/\/alzira.es\/es\/wp-json\/wp\/v2\/users\/29"}],"replies":[{"embeddable":true,"href":"https:\/\/alzira.es\/es\/wp-json\/wp\/v2\/comments?post=27908"}],"version-history":[{"count":0,"href":"https:\/\/alzira.es\/es\/wp-json\/wp\/v2\/posts\/27908\/revisions"}],"wp:featuredmedia":[{"embeddable":true,"href":"https:\/\/alzira.es\/es\/wp-json\/wp\/v2\/media\/27902"}],"wp:attachment":[{"href":"https:\/\/alzira.es\/es\/wp-json\/wp\/v2\/media?parent=27908"}],"wp:term":[{"taxonomy":"category","embeddable":true,"href":"https:\/\/alzira.es\/es\/wp-json\/wp\/v2\/categories?post=27908"},{"taxonomy":"post_tag","embeddable":true,"href":"https:\/\/alzira.es\/es\/wp-json\/wp\/v2\/tags?post=27908"}],"curies":[{"name":"wp","href":"https:\/\/api.w.org\/{rel}","templated":true}]}}