{"id":27885,"date":"2018-02-19T14:56:49","date_gmt":"2018-02-19T13:56:49","guid":{"rendered":"https:\/\/alzira.es\/el-regidor-de-funcio-publica-i-organitzacio-es-reuneix-amb-el-personal-auxiliar-administratiu-de-l-ajuntament-d-alzira\/"},"modified":"2018-02-19T14:56:49","modified_gmt":"2018-02-19T13:56:49","slug":"el-regidor-de-funcio-publica-i-organitzacio-es-reuneix-amb-el-personal-auxiliar-administratiu-de-l-ajuntament-d-alzira","status":"publish","type":"post","link":"https:\/\/alzira.es\/es\/el-regidor-de-funcio-publica-i-organitzacio-es-reuneix-amb-el-personal-auxiliar-administratiu-de-l-ajuntament-d-alzira\/","title":{"rendered":"El concejal de Funci\u00f3n P\u00fablica y Organizaci\u00f3n se re\u00fane con el personal auxiliar administrativo del Ayuntamiento de Alzira"},"content":{"rendered":"<p style=\"text-align: justify;\">Alzira, 19 de febrero del 2018. El concejal de Funci\u00f3n P\u00fablica y Organizaci\u00f3n, Iv\u00e1n Mart\u00ednez, se ha reunido hoy con el personal auxiliar administrativo, como a lo largo de estos meses con otras trabajadoras y trabajadores del Ayuntamiento de Alzira. En la reuni\u00f3n se ha tratado la mejora de la situaci\u00f3n del personal auxiliar administrativo, adecu\u00e1ndolo a sus funciones reales, que supondr\u00e1 160.000 euros en el presupuesto del 2018 y afecta a una treintena de trabajadoras y trabajadores p\u00fablicos.<\/p>\n<p style=\"text-align: justify;\">Seg\u00fan Iv\u00e1n Mart\u00ednez: \u00abSe ha hecho un esfuerzo desde el departamento y el equipo de gobierno para ir superando las desigualdades y disfunciones que presenta la administraci\u00f3n local\u00bb.<\/p>\n<p style=\"text-align: justify;\">A\u00fan queda camino por recorrer, pero en los \u00faltimos tres a\u00f1os se han ido tratando de superar las desigualdades salariales entre las trabajadoras y trabajadores p\u00fablicos, se han priorizado los grupos que menos percib\u00edan del ayuntamiento y se han implementado medidas para revertir las recortadas partidas en todos los a\u00f1os de crisis y se ha hecho un plan para estabilizar un 20% de los funcionarios interinos de la casa. Sin un equipo humano fuerte es imposible llevar a cabo pol\u00edticas que refuercen los servicios p\u00fablicos\u00bb.<\/p>\n<p style=\"text-align: center;\"><a class=\"jcepopup\" title=\"El regidor de Funci\u00f3 P\u00fablica i Organitzaci\u00f3 es reuneix amb el personal auxiliar administratiu de l\u2019Ajuntament d\u2019Alzira\" href=\"https:\/\/alzira.es\/wp-content\/uploads\/2018\/02\/IMG_4423.jpg\" target=\"_blank\" rel=\"noopener\"><img fetchpriority=\"high\" decoding=\"async\" class=\" size-full wp-image-27882\" title=\"El regidor de Funci\u00f3 P\u00fablica i Organitzaci\u00f3 es reuneix amb el personal auxiliar administratiu de l\u2019Ajuntament d\u2019Alzira\" src=\"https:\/\/alzira.es\/wp-content\/uploads\/2018\/02\/IMG_4423.jpg\" alt=\"IMG 4423\" width=\"600\" height=\"400\" \/><\/a><\/p>\n","protected":false},"excerpt":{"rendered":"<p>Alzira, 19 de febrero del 2018. El concejal de Funci\u00f3n P\u00fablica y Organizaci\u00f3n, Iv\u00e1n Mart\u00ednez, se ha reunido hoy con el personal auxiliar administrativo, como a lo largo de estos meses con otras trabajadoras y trabajadores del Ayuntamiento de Alzira. En la reuni\u00f3n se ha tratado la mejora de la situaci\u00f3n del personal auxiliar administrativo, &hellip; <\/p>\n<p class=\"link-more\"><a href=\"https:\/\/alzira.es\/es\/el-regidor-de-funcio-publica-i-organitzacio-es-reuneix-amb-el-personal-auxiliar-administratiu-de-l-ajuntament-d-alzira\/\" class=\"more-link\">Continuar leyendo<span class=\"screen-reader-text\"> \u00abEl concejal de Funci\u00f3n P\u00fablica y Organizaci\u00f3n se re\u00fane con el personal auxiliar administrativo del Ayuntamiento de Alzira\u00bb<\/span><\/a><\/p>\n","protected":false},"author":29,"featured_media":27882,"comment_status":"","ping_status":"","sticky":false,"template":"","format":"standard","meta":{"_acf_changed":false,"footnotes":""},"categories":[1893],"tags":[],"class_list":["post-27885","post","type-post","status-publish","format-standard","has-post-thumbnail","hentry","category-hemeroteca"],"acf":[],"_links":{"self":[{"href":"https:\/\/alzira.es\/es\/wp-json\/wp\/v2\/posts\/27885","targetHints":{"allow":["GET"]}}],"collection":[{"href":"https:\/\/alzira.es\/es\/wp-json\/wp\/v2\/posts"}],"about":[{"href":"https:\/\/alzira.es\/es\/wp-json\/wp\/v2\/types\/post"}],"author":[{"embeddable":true,"href":"https:\/\/alzira.es\/es\/wp-json\/wp\/v2\/users\/29"}],"replies":[{"embeddable":true,"href":"https:\/\/alzira.es\/es\/wp-json\/wp\/v2\/comments?post=27885"}],"version-history":[{"count":0,"href":"https:\/\/alzira.es\/es\/wp-json\/wp\/v2\/posts\/27885\/revisions"}],"wp:featuredmedia":[{"embeddable":true,"href":"https:\/\/alzira.es\/es\/wp-json\/wp\/v2\/media\/27882"}],"wp:attachment":[{"href":"https:\/\/alzira.es\/es\/wp-json\/wp\/v2\/media?parent=27885"}],"wp:term":[{"taxonomy":"category","embeddable":true,"href":"https:\/\/alzira.es\/es\/wp-json\/wp\/v2\/categories?post=27885"},{"taxonomy":"post_tag","embeddable":true,"href":"https:\/\/alzira.es\/es\/wp-json\/wp\/v2\/tags?post=27885"}],"curies":[{"name":"wp","href":"https:\/\/api.w.org\/{rel}","templated":true}]}}