{"id":27874,"date":"2018-02-15T19:08:55","date_gmt":"2018-02-15T18:08:55","guid":{"rendered":"https:\/\/alzira.es\/las-escoletas-municipales-de-alzira-celebran-el-dia-del-arbol\/"},"modified":"2018-02-15T19:08:55","modified_gmt":"2018-02-15T18:08:55","slug":"las-escoletas-municipales-de-alzira-celebran-el-dia-del-arbol","status":"publish","type":"post","link":"https:\/\/alzira.es\/es\/las-escoletas-municipales-de-alzira-celebran-el-dia-del-arbol\/","title":{"rendered":"Las Escoletas Municipales de Alzira celebran el D\u00eda del \u00c1rbol"},"content":{"rendered":"<p style=\"text-align: justify;\">Alzira, 15 de febrero de 2018.- Los ni\u00f1os y las ni\u00f1as que acuden diariamente a las Escoletas Municipales de Alzira han participado en una actividad que se enmarca dentro de le celebraci\u00f3n del D\u00eda del \u00c1rbol.<\/p>\n<p style=\"text-align: justify;\">Con la compa\u00f1\u00eda de sus padres y familiares, los ni\u00f1os y las ni\u00f1as han plantado, regado y observado las plantas que han llevado para hacer la actividad.<\/p>\n<p style=\"text-align: justify;\">El contacto de los peque\u00f1os y peque\u00f1as con el espacio natural permite ampliar las actividades de observaci\u00f3n, experimentaci\u00f3n y conocimiento del entorno natural de la escoleta. Adem\u00e1s, el hecho de ver como es el proceso de plantaci\u00f3n en el lugar habitual donde acostumbran a jugar es muy interesante.<\/p>\n<p style=\"text-align: center;\"><a class=\"jcepopup\" title=\"Les Escoletes Municipals d\u2019Alzira celebren el Dia de l\u2019Arbre\" href=\"https:\/\/alzira.es\/wp-content\/uploads\/2018\/02\/27752026_1609608115813537_1385857106101324711_n.jpg\" target=\"_blank\" rel=\"noopener\"><img fetchpriority=\"high\" decoding=\"async\" class=\" size-full wp-image-27866\" title=\"Les Escoletes Municipals d\u2019Alzira celebren el Dia de l\u2019Arbre\" src=\"https:\/\/alzira.es\/wp-content\/uploads\/2018\/02\/27752026_1609608115813537_1385857106101324711_n.jpg\" alt=\"27752026 1609608115813537 1385857106101324711 n\" width=\"200\" height=\"356\" srcset=\"https:\/\/alzira.es\/wp-content\/uploads\/2018\/02\/27752026_1609608115813537_1385857106101324711_n.jpg 540w, https:\/\/alzira.es\/wp-content\/uploads\/2018\/02\/27752026_1609608115813537_1385857106101324711_n-287x510.jpg 287w\" sizes=\"(max-width: 200px) 100vw, 200px\" \/><\/a>&nbsp;<a class=\"jcepopup\" style=\"font-size: 14.4px; text-align: center;\" title=\"Les Escoletes Municipals d\u2019Alzira celebren el Dia de l\u2019Arbre\" type=\"image\" href=\"https:\/\/alzira.es\/wp-content\/uploads\/2018\/02\/27867236_1609609489146733_6844239850725867458_n.jpg\" target=\"_blank\" rel=\"noopener\"><img decoding=\"async\" class=\"size-full wp-image-27868 lazyload\" title=\"Les Escoletes Municipals d\u2019Alzira celebren el Dia de l\u2019Arbre\" data-src=\"https:\/\/alzira.es\/wp-content\/uploads\/2018\/02\/27867236_1609609489146733_6844239850725867458_n.jpg\" alt=\"27867236 1609609489146733 6844239850725867458 n\" width=\"200\" height=\"356\" data-srcset=\"https:\/\/alzira.es\/wp-content\/uploads\/2018\/02\/27867236_1609609489146733_6844239850725867458_n.jpg 540w, https:\/\/alzira.es\/wp-content\/uploads\/2018\/02\/27867236_1609609489146733_6844239850725867458_n-287x510.jpg 287w\" data-sizes=\"(max-width: 200px) 100vw, 200px\" src=\"data:image\/svg+xml;base64,PHN2ZyB3aWR0aD0iMSIgaGVpZ2h0PSIxIiB4bWxucz0iaHR0cDovL3d3dy53My5vcmcvMjAwMC9zdmciPjwvc3ZnPg==\" style=\"--smush-placeholder-width: 200px; --smush-placeholder-aspect-ratio: 200\/356;\" \/><\/a>&nbsp;<a class=\"jcepopup\" style=\"font-size: 14.4px; text-align: center;\" title=\"Les Escoletes Municipals d\u2019Alzira celebren el Dia de l\u2019Arbre\" type=\"image\" href=\"https:\/\/alzira.es\/wp-content\/uploads\/2018\/02\/27972318_1609609382480077_1453737571472232363_n.jpg\" target=\"_blank\" rel=\"noopener\"><img decoding=\"async\" class=\"size-full wp-image-27870 lazyload\" title=\"Les Escoletes Municipals d\u2019Alzira celebren el Dia de l\u2019Arbre\" data-src=\"https:\/\/alzira.es\/wp-content\/uploads\/2018\/02\/27972318_1609609382480077_1453737571472232363_n.jpg\" alt=\"27972318 1609609382480077 1453737571472232363 n\" width=\"200\" height=\"356\" data-srcset=\"https:\/\/alzira.es\/wp-content\/uploads\/2018\/02\/27972318_1609609382480077_1453737571472232363_n.jpg 540w, https:\/\/alzira.es\/wp-content\/uploads\/2018\/02\/27972318_1609609382480077_1453737571472232363_n-287x510.jpg 287w\" data-sizes=\"(max-width: 200px) 100vw, 200px\" src=\"data:image\/svg+xml;base64,PHN2ZyB3aWR0aD0iMSIgaGVpZ2h0PSIxIiB4bWxucz0iaHR0cDovL3d3dy53My5vcmcvMjAwMC9zdmciPjwvc3ZnPg==\" style=\"--smush-placeholder-width: 200px; --smush-placeholder-aspect-ratio: 200\/356;\" \/><\/a>&nbsp;<a class=\"jcepopup\" style=\"font-size: 14.4px; text-align: center;\" title=\"Les Escoletes Municipals d\u2019Alzira celebren el Dia de l\u2019Arbre\" type=\"image\" href=\"https:\/\/alzira.es\/wp-content\/uploads\/2018\/02\/28058585_1609610229146659_219639332148048863_n.jpg\" target=\"_blank\" rel=\"noopener\"><img decoding=\"async\" class=\"size-full wp-image-27872 lazyload\" title=\"Les Escoletes Municipals d\u2019Alzira celebren el Dia de l\u2019Arbre\" data-src=\"https:\/\/alzira.es\/wp-content\/uploads\/2018\/02\/28058585_1609610229146659_219639332148048863_n.jpg\" alt=\"28058585 1609610229146659 219639332148048863 n\" width=\"200\" height=\"356\" data-srcset=\"https:\/\/alzira.es\/wp-content\/uploads\/2018\/02\/28058585_1609610229146659_219639332148048863_n.jpg 540w, https:\/\/alzira.es\/wp-content\/uploads\/2018\/02\/28058585_1609610229146659_219639332148048863_n-287x510.jpg 287w\" data-sizes=\"(max-width: 200px) 100vw, 200px\" src=\"data:image\/svg+xml;base64,PHN2ZyB3aWR0aD0iMSIgaGVpZ2h0PSIxIiB4bWxucz0iaHR0cDovL3d3dy53My5vcmcvMjAwMC9zdmciPjwvc3ZnPg==\" style=\"--smush-placeholder-width: 200px; --smush-placeholder-aspect-ratio: 200\/356;\" \/><\/a><\/p>\n","protected":false},"excerpt":{"rendered":"<p>Alzira, 15 de febrero de 2018.- Los ni\u00f1os y las ni\u00f1as que acuden diariamente a las Escoletas Municipales de Alzira han participado en una actividad que se enmarca dentro de le celebraci\u00f3n del D\u00eda del \u00c1rbol. Con la compa\u00f1\u00eda de sus padres y familiares, los ni\u00f1os y las ni\u00f1as han plantado, regado y observado las &hellip; <\/p>\n<p class=\"link-more\"><a href=\"https:\/\/alzira.es\/es\/las-escoletas-municipales-de-alzira-celebran-el-dia-del-arbol\/\" class=\"more-link\">Continuar leyendo<span class=\"screen-reader-text\"> \u00abLas Escoletas Municipales de Alzira celebran el D\u00eda del \u00c1rbol\u00bb<\/span><\/a><\/p>\n","protected":false},"author":29,"featured_media":27866,"comment_status":"","ping_status":"","sticky":false,"template":"","format":"standard","meta":{"_acf_changed":false,"footnotes":""},"categories":[1893],"tags":[],"class_list":["post-27874","post","type-post","status-publish","format-standard","has-post-thumbnail","hentry","category-hemeroteca"],"acf":[],"_links":{"self":[{"href":"https:\/\/alzira.es\/es\/wp-json\/wp\/v2\/posts\/27874","targetHints":{"allow":["GET"]}}],"collection":[{"href":"https:\/\/alzira.es\/es\/wp-json\/wp\/v2\/posts"}],"about":[{"href":"https:\/\/alzira.es\/es\/wp-json\/wp\/v2\/types\/post"}],"author":[{"embeddable":true,"href":"https:\/\/alzira.es\/es\/wp-json\/wp\/v2\/users\/29"}],"replies":[{"embeddable":true,"href":"https:\/\/alzira.es\/es\/wp-json\/wp\/v2\/comments?post=27874"}],"version-history":[{"count":0,"href":"https:\/\/alzira.es\/es\/wp-json\/wp\/v2\/posts\/27874\/revisions"}],"wp:featuredmedia":[{"embeddable":true,"href":"https:\/\/alzira.es\/es\/wp-json\/wp\/v2\/media\/27866"}],"wp:attachment":[{"href":"https:\/\/alzira.es\/es\/wp-json\/wp\/v2\/media?parent=27874"}],"wp:term":[{"taxonomy":"category","embeddable":true,"href":"https:\/\/alzira.es\/es\/wp-json\/wp\/v2\/categories?post=27874"},{"taxonomy":"post_tag","embeddable":true,"href":"https:\/\/alzira.es\/es\/wp-json\/wp\/v2\/tags?post=27874"}],"curies":[{"name":"wp","href":"https:\/\/api.w.org\/{rel}","templated":true}]}}