{"id":27774,"date":"2018-02-16T15:06:34","date_gmt":"2018-02-16T14:06:34","guid":{"rendered":"https:\/\/alzira.es\/alzira-celebra-l-11-de-marc-el-ii-concurs-d-espardenya-francisco-jose-garcia\/"},"modified":"2018-02-16T15:06:34","modified_gmt":"2018-02-16T14:06:34","slug":"alzira-celebra-l-11-de-marc-el-ii-concurs-d-espardenya-francisco-jose-garcia","status":"publish","type":"post","link":"https:\/\/alzira.es\/es\/alzira-celebra-l-11-de-marc-el-ii-concurs-d-espardenya-francisco-jose-garcia\/","title":{"rendered":"Alzira celebra el 11 de marzo el II Concurs d\u2019Espardeny\u00e0 Francisco Jos\u00e9 Garc\u00eda"},"content":{"rendered":"<p style=\"text-align: justify;\">Alzira, 16 de febrero 2018.- Este ma\u00f1ana se ha presentado, en rueda de prensa, el II Concurs d&#8217;Espardeny\u00e0 Francisco Jos\u00e9 Garc\u00eda que se celebrar\u00e1 en Alzira, el domingo 11 de marzo, a partir de las 10 horas, en la plaza del Reino.<\/p>\n<p style=\"text-align: justify;\">El alcalde, Diego G\u00f3mez, ha sido el encargado de presentar este concurso que el a\u00f1o pasado tuvo una muy buena acogida. El acto de presentaci\u00f3n ha contado tambi\u00e9n con la presencia de la viuda de Francisco Jos\u00e9, Aurora Esteve, y una de sus hijas.<\/p>\n<p style=\"text-align: justify;\">Un total de 30 restaurantes participan en esta segunda edici\u00f3n del concurso que ha aumentado el n\u00famero de participantes con respecto a los 25 de 2017. Los participantes provienen de Tous, Llombai, Gandia, Silla, Pu\u00e7ol, les Palmeretes, Torrent, l&#8217;Alc\u00fadia, Siete Aguas, el Palmar, Carcaixent, Serra, Cullera y Valencia. De Alzira participan 4 restaurantes que son El Caramelito, El Roure, Cam\u00ed Vell y Ca Tom\u00e1s.<\/p>\n<p style=\"text-align: justify;\">Se repartir\u00e1n un total de 5.500 euros en premios. El primer premio, patrocinado por el Ayuntamiento de Alzira, ser\u00e1 de 3.000 euros. El segundo premio, patrocinado por Val\u00e8ncia Turisme, de 1.500 euros y el tercer premio, patrocinado por la Mancomunitat de la Ribera Alta, de 1.000 euros.<\/p>\n<p style=\"text-align: justify;\">G\u00f3mez ha destacado que \u00abel Concurs d&#8217;Espardeny\u00e0 de Alzira es un homenaje a Francisco Jos\u00e9 Garc\u00eda, impulsor de este particular plato t\u00edpico de la Ribera, y con su continuidad, pretendemos que se vaya consolidando, a\u00f1o tras a\u00f1o, como un certamen gastron\u00f3mico de referencia. Francisco Jos\u00e9 era sobre todo cocinero y fallero, y pensamos que no hay un mes m\u00e1s apropiado que el de marzo para llevarlo a cabo\u00bb. Ha a\u00f1adido: \u00abEste concurso es uno de los cert\u00e1menes gastron\u00f3micos de la zona en el que m\u00e1s dinero se reparte en premios, por eso es un atractivo importante para los restauradores a la hora de participar, al mismo tiempo que contribuyen a dar a conocer un plato tradicional valenciano, desconocido para muchos\u00bb.<\/p>\n<p style=\"text-align: justify;\">Adem\u00e1s del jurado, los vecinos y vecinas de Alzira tambi\u00e9n podr\u00e1n degustar l&#8217;espardeny\u00e0 cocinada para el certamen. As\u00ed como la regany\u00e0, plato t\u00edpico de la Ciudad del que se est\u00e1 fomentando el consumo mediante el Gremi de Forners y que estar\u00e1 presente en el Concurso para que todos puedan probarla.<\/p>\n<p style=\"text-align: center;\"><a class=\"jcepopup\" title=\"Alzira celebra l\u201911 de mar\u00e7 el II Concurs d\u2019Espardeny\u00e0 Francisco Jos\u00e9 Garc\u00eda\" href=\"https:\/\/alzira.es\/wp-content\/uploads\/2018\/02\/IMG_2776.jpg\" target=\"_blank\" rel=\"noopener\"><img fetchpriority=\"high\" decoding=\"async\" class=\" size-full wp-image-27770\" title=\"Alzira celebra l\u201911 de mar\u00e7 el II Concurs d\u2019Espardeny\u00e0 Francisco Jos\u00e9 Garc\u00eda\" src=\"https:\/\/alzira.es\/wp-content\/uploads\/2018\/02\/IMG_2776.jpg\" alt=\"IMG 2776\" width=\"400\" height=\"267\" \/><\/a>&nbsp;<a class=\"jcepopup\" style=\"text-align: center;\" title=\"Alzira celebra l\u201911 de mar\u00e7 el II Concurs d\u2019Espardeny\u00e0 Francisco Jos\u00e9 Garc\u00eda\" type=\"image\" href=\"https:\/\/alzira.es\/wp-content\/uploads\/2018\/02\/IMG_2782.jpg\" target=\"_blank\" rel=\"noopener\"><img decoding=\"async\" class=\"size-full wp-image-27772 lazyload\" title=\"Alzira celebra l\u201911 de mar\u00e7 el II Concurs d\u2019Espardeny\u00e0 Francisco Jos\u00e9 Garc\u00eda\" data-src=\"https:\/\/alzira.es\/wp-content\/uploads\/2018\/02\/IMG_2782.jpg\" alt=\"IMG 2782\" width=\"400\" height=\"267\" src=\"data:image\/svg+xml;base64,PHN2ZyB3aWR0aD0iMSIgaGVpZ2h0PSIxIiB4bWxucz0iaHR0cDovL3d3dy53My5vcmcvMjAwMC9zdmciPjwvc3ZnPg==\" style=\"--smush-placeholder-width: 400px; --smush-placeholder-aspect-ratio: 400\/267;\" \/><\/a><\/p>\n<p style=\"text-align: justify;\">&nbsp;<\/p>\n","protected":false},"excerpt":{"rendered":"<p>Alzira, 16 de febrero 2018.- Este ma\u00f1ana se ha presentado, en rueda de prensa, el II Concurs d&#8217;Espardeny\u00e0 Francisco Jos\u00e9 Garc\u00eda que se celebrar\u00e1 en Alzira, el domingo 11 de marzo, a partir de las 10 horas, en la plaza del Reino. El alcalde, Diego G\u00f3mez, ha sido el encargado de presentar este concurso que &hellip; <\/p>\n<p class=\"link-more\"><a href=\"https:\/\/alzira.es\/es\/alzira-celebra-l-11-de-marc-el-ii-concurs-d-espardenya-francisco-jose-garcia\/\" class=\"more-link\">Continuar leyendo<span class=\"screen-reader-text\"> \u00abAlzira celebra el 11 de marzo el II Concurs d\u2019Espardeny\u00e0 Francisco Jos\u00e9 Garc\u00eda\u00bb<\/span><\/a><\/p>\n","protected":false},"author":29,"featured_media":27770,"comment_status":"","ping_status":"","sticky":false,"template":"","format":"standard","meta":{"_acf_changed":false,"footnotes":""},"categories":[1893],"tags":[],"class_list":["post-27774","post","type-post","status-publish","format-standard","has-post-thumbnail","hentry","category-hemeroteca"],"acf":[],"_links":{"self":[{"href":"https:\/\/alzira.es\/es\/wp-json\/wp\/v2\/posts\/27774","targetHints":{"allow":["GET"]}}],"collection":[{"href":"https:\/\/alzira.es\/es\/wp-json\/wp\/v2\/posts"}],"about":[{"href":"https:\/\/alzira.es\/es\/wp-json\/wp\/v2\/types\/post"}],"author":[{"embeddable":true,"href":"https:\/\/alzira.es\/es\/wp-json\/wp\/v2\/users\/29"}],"replies":[{"embeddable":true,"href":"https:\/\/alzira.es\/es\/wp-json\/wp\/v2\/comments?post=27774"}],"version-history":[{"count":0,"href":"https:\/\/alzira.es\/es\/wp-json\/wp\/v2\/posts\/27774\/revisions"}],"wp:featuredmedia":[{"embeddable":true,"href":"https:\/\/alzira.es\/es\/wp-json\/wp\/v2\/media\/27770"}],"wp:attachment":[{"href":"https:\/\/alzira.es\/es\/wp-json\/wp\/v2\/media?parent=27774"}],"wp:term":[{"taxonomy":"category","embeddable":true,"href":"https:\/\/alzira.es\/es\/wp-json\/wp\/v2\/categories?post=27774"},{"taxonomy":"post_tag","embeddable":true,"href":"https:\/\/alzira.es\/es\/wp-json\/wp\/v2\/tags?post=27774"}],"curies":[{"name":"wp","href":"https:\/\/api.w.org\/{rel}","templated":true}]}}