{"id":27756,"date":"2018-02-16T11:31:58","date_gmt":"2018-02-16T10:31:58","guid":{"rendered":"https:\/\/alzira.es\/les-associacions-de-veins-d-alzira-junt-a-l-ajuntament-continuen-plantant-arbres-durant-tot-el-mes-de-febrer\/"},"modified":"2018-02-16T11:31:58","modified_gmt":"2018-02-16T10:31:58","slug":"les-associacions-de-veins-d-alzira-junt-a-l-ajuntament-continuen-plantant-arbres-durant-tot-el-mes-de-febrer","status":"publish","type":"post","link":"https:\/\/alzira.es\/es\/les-associacions-de-veins-d-alzira-junt-a-l-ajuntament-continuen-plantant-arbres-durant-tot-el-mes-de-febrer\/","title":{"rendered":"Las asociaciones de vecinos de Alzira, junto con el Ayuntamiento, contin\u00faan plantando \u00e1rboles durante todo el mes de febrero"},"content":{"rendered":"<p style=\"text-align: justify;\">Alzira, 17 de febrero de 2018 &#8211; El pasado s\u00e1bado, 10 de febrero, la concejal\u00eda de Gesti\u00f3n Urban\u00edstica y la de Participaci\u00f3n Ciudadana, junto a la Asociaci\u00f3n de Vecinos del Balc\u00f3n de la Ribera realizaron la jornada de plantaci\u00f3n de \u00e1rboles y murtas en la zona de los alrededores de Protecci\u00f3n Civil, dentro de las actividades correspondientes al mes del \u00e1rbol.<\/p>\n<p style=\"text-align: justify;\">En la mencionada jornada participaron socios de la Asociaci\u00f3n de Amigos de la Murta, la directora del CPC, Ana Iborra, los voluntarios de Protecci\u00f3n Civil y los trabajadores de la empresa Talher, que junto al resto de vecinos y vecinas han plantado murtas y moreras, que dar\u00e1n sombra a este espacio.<\/p>\n<p style=\"text-align: justify;\">Fernando Pascual, concejal de Gesti\u00f3n Urban\u00edstica, considera que \u00abcon estas plantaciones de \u00e1rboles se pretende sensibilizar a la poblaci\u00f3n y al mismo tiempo se quiere reivindicar la conservaci\u00f3n de \u00e1rboles de especies aut\u00f3ctonas. Gracias a esta iniciativa, que se realiza cada a\u00f1o en diferentes zonas de la ciudad, se persigue concienciar a la poblaci\u00f3n. Los vecinos han respondido plantando una veintena de \u00e1rboles, que ya adornan buena parte de este barrio de la parte alta de l\u00b4Alquerieta y que se suman a los trabajos habituales de jardiner\u00eda y limpieza que se realizan de manera permanente desde el Ayuntamiento en esta zona.\u00bb<\/p>\n<p style=\"text-align: justify;\">Cada s\u00e1bado del mes de febrero continuar\u00e1n realizando actividades de plantaci\u00f3n de \u00e1rboles en m\u00e1s zonas y barrios de Alzira con la colaboraci\u00f3n de las asociaciones de vecinos de la ciudad.<\/p>\n<p style=\"text-align: center;\"><a class=\"jcepopup\" title=\"Les associacions de ve\u00efns d\u2019Alzira, junt a l\u2019Ajuntament, continuen plantant arbres durant tot el mes de febrer\" href=\"https:\/\/alzira.es\/wp-content\/uploads\/2018\/02\/mes_de_l_arbre_1.jpg\" target=\"_blank\" rel=\"noopener\"><img fetchpriority=\"high\" decoding=\"async\" class=\" size-full wp-image-27749\" title=\"Les associacions de ve\u00efns d\u2019Alzira, junt a l\u2019Ajuntament, continuen plantant arbres durant tot el mes de febrer\" src=\"https:\/\/alzira.es\/wp-content\/uploads\/2018\/02\/mes_de_l_arbre_1.jpg\" alt=\"mes de l arbre 1\" width=\"509\" height=\"375\" srcset=\"https:\/\/alzira.es\/wp-content\/uploads\/2018\/02\/mes_de_l_arbre_1.jpg 926w, https:\/\/alzira.es\/wp-content\/uploads\/2018\/02\/mes_de_l_arbre_1-680x500.jpg 680w, https:\/\/alzira.es\/wp-content\/uploads\/2018\/02\/mes_de_l_arbre_1-768x565.jpg 768w\" sizes=\"(max-width: 509px) 100vw, 509px\" \/><\/a>&nbsp;<a class=\"jcepopup\" style=\"font-size: 14.4px; text-align: center;\" title=\"Les associacions de ve\u00efns d\u2019Alzira, junt a l\u2019Ajuntament, continuen plantant arbres durant tot el mes de febrer\" type=\"image\" href=\"https:\/\/alzira.es\/wp-content\/uploads\/2018\/02\/mes_de_l_arbre_2.jpg\" target=\"_blank\" rel=\"noopener\"><img decoding=\"async\" class=\"size-full wp-image-27753 lazyload\" title=\"Les associacions de ve\u00efns d\u2019Alzira, junt a l\u2019Ajuntament, continuen plantant arbres durant tot el mes de febrer\" data-src=\"https:\/\/alzira.es\/wp-content\/uploads\/2018\/02\/mes_de_l_arbre_2.jpg\" alt=\"mes de l arbre 2\" width=\"284\" height=\"375\" data-srcset=\"https:\/\/alzira.es\/wp-content\/uploads\/2018\/02\/mes_de_l_arbre_2.jpg 1200w, https:\/\/alzira.es\/wp-content\/uploads\/2018\/02\/mes_de_l_arbre_2-386x510.jpg 386w, https:\/\/alzira.es\/wp-content\/uploads\/2018\/02\/mes_de_l_arbre_2-812x1072.jpg 812w, https:\/\/alzira.es\/wp-content\/uploads\/2018\/02\/mes_de_l_arbre_2-768x1014.jpg 768w, https:\/\/alzira.es\/wp-content\/uploads\/2018\/02\/mes_de_l_arbre_2-1163x1536.jpg 1163w\" data-sizes=\"(max-width: 284px) 100vw, 284px\" src=\"data:image\/svg+xml;base64,PHN2ZyB3aWR0aD0iMSIgaGVpZ2h0PSIxIiB4bWxucz0iaHR0cDovL3d3dy53My5vcmcvMjAwMC9zdmciPjwvc3ZnPg==\" style=\"--smush-placeholder-width: 284px; --smush-placeholder-aspect-ratio: 284\/375;\" \/><\/a><\/p>\n","protected":false},"excerpt":{"rendered":"<p>Alzira, 17 de febrero de 2018 &#8211; El pasado s\u00e1bado, 10 de febrero, la concejal\u00eda de Gesti\u00f3n Urban\u00edstica y la de Participaci\u00f3n Ciudadana, junto a la Asociaci\u00f3n de Vecinos del Balc\u00f3n de la Ribera realizaron la jornada de plantaci\u00f3n de \u00e1rboles y murtas en la zona de los alrededores de Protecci\u00f3n Civil, dentro de las &hellip; <\/p>\n<p class=\"link-more\"><a href=\"https:\/\/alzira.es\/es\/les-associacions-de-veins-d-alzira-junt-a-l-ajuntament-continuen-plantant-arbres-durant-tot-el-mes-de-febrer\/\" class=\"more-link\">Continuar leyendo<span class=\"screen-reader-text\"> \u00abLas asociaciones de vecinos de Alzira, junto con el Ayuntamiento, contin\u00faan plantando \u00e1rboles durante todo el mes de febrero\u00bb<\/span><\/a><\/p>\n","protected":false},"author":29,"featured_media":0,"comment_status":"","ping_status":"","sticky":false,"template":"","format":"standard","meta":{"_acf_changed":false,"footnotes":""},"categories":[1893],"tags":[],"class_list":["post-27756","post","type-post","status-publish","format-standard","hentry","category-hemeroteca"],"acf":[],"_links":{"self":[{"href":"https:\/\/alzira.es\/es\/wp-json\/wp\/v2\/posts\/27756","targetHints":{"allow":["GET"]}}],"collection":[{"href":"https:\/\/alzira.es\/es\/wp-json\/wp\/v2\/posts"}],"about":[{"href":"https:\/\/alzira.es\/es\/wp-json\/wp\/v2\/types\/post"}],"author":[{"embeddable":true,"href":"https:\/\/alzira.es\/es\/wp-json\/wp\/v2\/users\/29"}],"replies":[{"embeddable":true,"href":"https:\/\/alzira.es\/es\/wp-json\/wp\/v2\/comments?post=27756"}],"version-history":[{"count":0,"href":"https:\/\/alzira.es\/es\/wp-json\/wp\/v2\/posts\/27756\/revisions"}],"wp:attachment":[{"href":"https:\/\/alzira.es\/es\/wp-json\/wp\/v2\/media?parent=27756"}],"wp:term":[{"taxonomy":"category","embeddable":true,"href":"https:\/\/alzira.es\/es\/wp-json\/wp\/v2\/categories?post=27756"},{"taxonomy":"post_tag","embeddable":true,"href":"https:\/\/alzira.es\/es\/wp-json\/wp\/v2\/tags?post=27756"}],"curies":[{"name":"wp","href":"https:\/\/api.w.org\/{rel}","templated":true}]}}