{"id":27731,"date":"2018-02-22T13:30:00","date_gmt":"2018-02-22T12:30:00","guid":{"rendered":"https:\/\/alzira.es\/jornada-per-a-informar-sobre-el-cancer-de-colon-mama-i-cervix-i-conscienciar-sobre-habits-de-vida-saludables-que-poden-prevenir-los\/"},"modified":"2018-02-22T13:30:00","modified_gmt":"2018-02-22T12:30:00","slug":"jornada-per-a-informar-sobre-el-cancer-de-colon-mama-i-cervix-i-conscienciar-sobre-habits-de-vida-saludables-que-poden-prevenir-los","status":"publish","type":"post","link":"https:\/\/alzira.es\/es\/jornada-per-a-informar-sobre-el-cancer-de-colon-mama-i-cervix-i-conscienciar-sobre-habits-de-vida-saludables-que-poden-prevenir-los\/","title":{"rendered":"Jornada per a informar sobre el c\u00e0ncer de c\u00f2lon, mama i c\u00e9rvix i conscienciar sobre h\u00e0bits de vida saludables que poden prevenir-los"},"content":{"rendered":"<p style=\"text-align: center;\"><a title=\"Jornada per a informar sobre el c\u00e0ncer de c\u00f2lon, mama i c\u00e9rvix\" href=\"https:\/\/www.umivale.es\/portal\/cms\/servicios\/herramientas\/eventos\/Prevencin\/listado\/jornada_48.html\" target=\"_blank\" rel=\"noopener\"><img fetchpriority=\"high\" decoding=\"async\" class=\" size-full wp-image-27726\" title=\"Jornada per a informar sobre el c\u00e0ncer de c\u00f2lon, mama i c\u00e9rvix\" src=\"https:\/\/alzira.es\/wp-content\/uploads\/2018\/02\/organizacion_saludable.png\" alt=\"organizacion saludable\" width=\"800\" height=\"1134\" srcset=\"https:\/\/alzira.es\/wp-content\/uploads\/2018\/02\/organizacion_saludable.png 906w, https:\/\/alzira.es\/wp-content\/uploads\/2018\/02\/organizacion_saludable-360x510.png 360w, https:\/\/alzira.es\/wp-content\/uploads\/2018\/02\/organizacion_saludable-756x1072.png 756w, https:\/\/alzira.es\/wp-content\/uploads\/2018\/02\/organizacion_saludable-768x1088.png 768w\" sizes=\"(max-width: 706px) 89vw, (max-width: 767px) 82vw, 740px\" \/><\/a><\/p>\n","protected":false},"excerpt":{"rendered":"","protected":false},"author":29,"featured_media":27726,"comment_status":"","ping_status":"","sticky":false,"template":"","format":"standard","meta":{"_acf_changed":false,"footnotes":""},"categories":[],"tags":[],"class_list":["post-27731","post","type-post","status-publish","format-standard","has-post-thumbnail","hentry"],"acf":[],"_links":{"self":[{"href":"https:\/\/alzira.es\/es\/wp-json\/wp\/v2\/posts\/27731","targetHints":{"allow":["GET"]}}],"collection":[{"href":"https:\/\/alzira.es\/es\/wp-json\/wp\/v2\/posts"}],"about":[{"href":"https:\/\/alzira.es\/es\/wp-json\/wp\/v2\/types\/post"}],"author":[{"embeddable":true,"href":"https:\/\/alzira.es\/es\/wp-json\/wp\/v2\/users\/29"}],"replies":[{"embeddable":true,"href":"https:\/\/alzira.es\/es\/wp-json\/wp\/v2\/comments?post=27731"}],"version-history":[{"count":0,"href":"https:\/\/alzira.es\/es\/wp-json\/wp\/v2\/posts\/27731\/revisions"}],"wp:featuredmedia":[{"embeddable":true,"href":"https:\/\/alzira.es\/es\/wp-json\/wp\/v2\/media\/27726"}],"wp:attachment":[{"href":"https:\/\/alzira.es\/es\/wp-json\/wp\/v2\/media?parent=27731"}],"wp:term":[{"taxonomy":"category","embeddable":true,"href":"https:\/\/alzira.es\/es\/wp-json\/wp\/v2\/categories?post=27731"},{"taxonomy":"post_tag","embeddable":true,"href":"https:\/\/alzira.es\/es\/wp-json\/wp\/v2\/tags?post=27731"}],"curies":[{"name":"wp","href":"https:\/\/api.w.org\/{rel}","templated":true}]}}