{"id":27725,"date":"2018-02-13T18:52:38","date_gmt":"2018-02-13T17:52:38","guid":{"rendered":"https:\/\/alzira.es\/l-ajuntament-d-alzira-convoca-els-ii-premis-a-l-us-del-valencia-en-les-falles-3\/"},"modified":"2018-02-13T18:52:38","modified_gmt":"2018-02-13T17:52:38","slug":"l-ajuntament-d-alzira-convoca-els-ii-premis-a-l-us-del-valencia-en-les-falles-3","status":"publish","type":"post","link":"https:\/\/alzira.es\/es\/l-ajuntament-d-alzira-convoca-els-ii-premis-a-l-us-del-valencia-en-les-falles-3\/","title":{"rendered":"L\u2019Ajuntament d\u2019Alzira convoca els II Premis a l\u2019\u00das del Valenci\u00e0 en les Falles"},"content":{"rendered":"<p style=\"text-align: justify;\">Alzira, 13 de febrer de 2018.- L&#8217;Ajuntament d&#8217;Alzira, a trav\u00e9s del Servei Alzireny de Promoci\u00f3 i \u00das del Valenci\u00e0 de la Regidoria de Cultura, organitza per segona vegada premis per a l&#8217;\u00fas del valenci\u00e0 en el m\u00f3n faller, concretament en els cartells dels monuments. L&#8217;objectiu d&#8217;estos premis t\u00e9 com a finalitat premiar el bon \u00fas, ironia i originalitat del valenci\u00e0 en els textos dels cartells dels monuments.<\/p>\n<p style=\"text-align: justify;\">L&#8217;import total dels premis ser\u00e0 de 1.900 \u20ac per als textos dels monuments fallers, dels quals es concediran tres distincions en met\u00e0l\u00b7lic consistents en els premis seg\u00fcents:<\/p>\n<p style=\"text-align: justify; margin-left: 30px;\">\u00b7 Primer premi: 1.000 \u20ac i bander\u00ed acreditatiu<br \/>\u00b7 Segon premi: 600 \u20ac i bander\u00ed acreditatiu<br \/>\u00b7 Tercer premi: 300 \u20ac i bander\u00ed acreditatiu<\/p>\n<p style=\"text-align: justify;\">Els participants seran les comissions falleres d&#8217;Alzira que estiguen interessades, que hauran de presentar les sol\u00b7licituds fins al dia 1 de mar\u00e7 de 2018 en el Registre General d&#8217;Entrada de l&#8217;Ajuntament o per qualsevol altre mitj\u00e0 que estiga previst en l&#8217;article 16 de la Llei 39\/2015 d&#8217;1 d&#8217;octubre, del Procediment Administratiu Com\u00fa de les Administracions P\u00fabliques, amb inst\u00e0ncia en model normalitzat que s&#8217;adjunta en l&#8217;enlla\u00e7 seg\u00fcent (inst\u00e0ncia): https:\/\/alzira.es\/alzira_vpm\/index.php\/val\/tramits-en-linia\/e-ajuntament\/models-i-sol-licituds. Caldr\u00e0 adjuntar a la sol\u00b7licitud els textos en paper de les llegendes del monument faller en el termini esmentat en l&#8217;apartat anterior.<\/p>\n<p style=\"text-align: justify;\">El jurat estar\u00e0 format per l&#8217;alcalde o persona en qui delegue, que el presidir\u00e0, i en formaran part com a vocals la regidora de Cultura o persona en qui delegue, la regidora de Festes o persona en qui delegue; Luis Gisbert Sanmart\u00edn membre designat per la Junta Local Fallera; Pura Santacreu com a membre del sector educatiu i el t\u00e8cnic de Promoci\u00f3 Ling\u00fc\u00edstica, que actuar\u00e0 com a secretari. El jurat tamb\u00e9 podr\u00e0 comptar amb un col\u00b7laborador voluntari expert en la mat\u00e8ria.<\/p>\n<p style=\"text-align: justify;\">El criteris de valoraci\u00f3 que es tindran en compte en els textos dels monuments fallers i que s&#8217;avaluaran abans de la confecci\u00f3 de l&#8217;acta, seran els seg\u00fcents:<\/p>\n<p style=\"text-align: justify; margin-left: 30px;\">a) La correcci\u00f3 ling\u00fc\u00edstica i la quantitat de textos: es valorar\u00e0 de 0 a 10 punts.<br \/>b) La qualitat dels textos: es valorar\u00e0 de 0 a 5 punts<br \/>Es tindr\u00e0 en compte tot all\u00f2 que enriquisca el sentit de les expressions ling\u00fc\u00edstiques, com els recursos literaris, les propietats textuals&#8230;<br \/>c) L&#8217;\u00fas de l&#8217;enginy i la s\u00e0tira: es valorar\u00e0 de 0 a 5 punts<br \/>Es tindr\u00e0 en compte l&#8217;esperit d&#8217;invenci\u00f3 i l&#8217;\u00fas de la ironia o el sarcasme.<br \/>d) La coher\u00e8ncia intertextual o de continguts: es valorar\u00e0 de 0 a 5 punts<br \/>Es referix al fet que els textos estiguen relacionats entre si amb un tema global.<\/p>\n<p style=\"text-align: justify;\">L&#8217;Ajuntament d&#8217;Alzira a traves del SERVAL va organitzar a finals de l&#8217;any passat el Taller de Poesia Sat\u00edrica i Llibret Faller per al personal vinculat a les Falles tant d&#8217;Alzira com de Sueca i Algemes\u00ed i que va comptar amb el patrocini de la Diputaci\u00f3 de Val\u00e8ncia i la Federaci\u00f3 Lletres Falleres.<\/p>\n<p style=\"text-align: justify;\">Cal destacar que les Falles d&#8217;Alzira s\u00f3n una de les manifestacions de la identitat d&#8217;Alzira amb m\u00e9s reconeixement, com ho prova la Declaraci\u00f3 de les Falles d&#8217;Alzira com a Patrimoni Cultural Immaterial de la Humanitat per la UNESCO, i la participaci\u00f3 en FITUR. Per tot aix\u00f2 s&#8217;ha de promocionar, donar suport i ajudar a posar en valor la nostra festa emblem\u00e0tica alhora que es potencia la nostra m\u00e0xima senya de identitat, que \u00e9s el valenci\u00e0.<\/p>\n","protected":false},"excerpt":{"rendered":"<p>Alzira, 13 de febrer de 2018.- L&#8217;Ajuntament d&#8217;Alzira, a trav\u00e9s del Servei Alzireny de Promoci\u00f3 i \u00das del Valenci\u00e0 de la Regidoria de Cultura, organitza per segona vegada premis per a l&#8217;\u00fas del valenci\u00e0 en el m\u00f3n faller, concretament en els cartells dels monuments. L&#8217;objectiu d&#8217;estos premis t\u00e9 com a finalitat premiar el bon \u00fas, &hellip; <\/p>\n<p class=\"link-more\"><a href=\"https:\/\/alzira.es\/es\/l-ajuntament-d-alzira-convoca-els-ii-premis-a-l-us-del-valencia-en-les-falles-3\/\" class=\"more-link\">Continuar leyendo<span class=\"screen-reader-text\"> \u00abL\u2019Ajuntament d\u2019Alzira convoca els II Premis a l\u2019\u00das del Valenci\u00e0 en les Falles\u00bb<\/span><\/a><\/p>\n","protected":false},"author":29,"featured_media":0,"comment_status":"","ping_status":"","sticky":false,"template":"","format":"standard","meta":{"_acf_changed":false,"footnotes":""},"categories":[],"tags":[],"class_list":["post-27725","post","type-post","status-publish","format-standard","hentry"],"acf":[],"_links":{"self":[{"href":"https:\/\/alzira.es\/es\/wp-json\/wp\/v2\/posts\/27725","targetHints":{"allow":["GET"]}}],"collection":[{"href":"https:\/\/alzira.es\/es\/wp-json\/wp\/v2\/posts"}],"about":[{"href":"https:\/\/alzira.es\/es\/wp-json\/wp\/v2\/types\/post"}],"author":[{"embeddable":true,"href":"https:\/\/alzira.es\/es\/wp-json\/wp\/v2\/users\/29"}],"replies":[{"embeddable":true,"href":"https:\/\/alzira.es\/es\/wp-json\/wp\/v2\/comments?post=27725"}],"version-history":[{"count":0,"href":"https:\/\/alzira.es\/es\/wp-json\/wp\/v2\/posts\/27725\/revisions"}],"wp:attachment":[{"href":"https:\/\/alzira.es\/es\/wp-json\/wp\/v2\/media?parent=27725"}],"wp:term":[{"taxonomy":"category","embeddable":true,"href":"https:\/\/alzira.es\/es\/wp-json\/wp\/v2\/categories?post=27725"},{"taxonomy":"post_tag","embeddable":true,"href":"https:\/\/alzira.es\/es\/wp-json\/wp\/v2\/tags?post=27725"}],"curies":[{"name":"wp","href":"https:\/\/api.w.org\/{rel}","templated":true}]}}