{"id":27714,"date":"2018-02-13T18:47:34","date_gmt":"2018-02-13T17:47:34","guid":{"rendered":"https:\/\/alzira.es\/l-ajuntament-d-alzira-recupera-el-bosc-de-ribera-del-xuquer\/"},"modified":"2018-02-13T18:47:34","modified_gmt":"2018-02-13T17:47:34","slug":"l-ajuntament-d-alzira-recupera-el-bosc-de-ribera-del-xuquer","status":"publish","type":"post","link":"https:\/\/alzira.es\/es\/l-ajuntament-d-alzira-recupera-el-bosc-de-ribera-del-xuquer\/","title":{"rendered":"El Ayuntamiento de Alzira recupera el bosque de ribera del J\u00facar"},"content":{"rendered":"<p style=\"text-align: justify;\">La ciudadan\u00eda colabora en la recuperaci\u00f3n del r\u00edo en la Fiesta del \u00c1rbol<\/p>\n<p style=\"text-align: justify;\">Alzira, 13 de febrero de 2018.- La concejal\u00eda de Medio Ambiente del Ayuntamiento de Alzira, con la asistencia t\u00e9cnica de la Fundaci\u00f3n Limne y la Confederaci\u00f3n Hidrogr\u00e1fica del J\u00facar, est\u00e1 trabajando de manera intensa para recuperar el tramo del J\u00facar que pasa por dentro del entramado urbano, recuperando el estado primigenio del bosque de ribera y eliminando la ca\u00f1a invasora.<\/p>\n<p style=\"text-align: justify;\">El \u00faltimo fin de semana, dentro de la celebraci\u00f3n de la Fiesta del \u00c1rbol, se organiz\u00f3 una jornada de voluntariado en la que un centenar de vecinos y vecinas del municipio plantaron especies aut\u00f3ctonas. Entre otros se han plantado un centenar de ejemplares, en el marco de un proyecto de restauraci\u00f3n del J\u00facar donde tambi\u00e9n se ha reforzado la presencia de adelfas, lentisco y sauces.<\/p>\n<p style=\"text-align: justify;\">El concejal de Medio Ambiente y Agricultura, Pep Carreres, ha destacado que \u00abla plantaci\u00f3n de los ejemplares de especies aut\u00f3ctonas aumenta la biodiversidad del J\u00facar, ofreciendo refugio y lugares de cr\u00eda en la fauna local y ayudan a estabilizar los m\u00e1rgenes del r\u00edo, cosa que disminuye el efecto erosivo de las riadas\u00bb.<\/p>\n<p style=\"text-align: justify;\">Reservorio de una planta en peligro de extinci\u00f3n<\/p>\n<p style=\"text-align: justify;\">Paralelamente a las tareas de eliminaci\u00f3n de ca\u00f1a y plantaci\u00f3n popular, t\u00e9cnicos del Ayuntamiento de Alzira, en colaboraci\u00f3n con la Fundaci\u00f3n Limne, est\u00e1n creando, a ciertos tramos del r\u00edo, zonas de reservorio por una especie aut\u00f3ctona en peligro de extinci\u00f3n. Se trata de la arracl\u00e1n (Arracl\u00e1n alnus), un arbusto incluido en el Cat\u00e1logo Valenciano de Especies de Flora Amenazadas, del que llegaron a contabilizar \u00fanicamente 22 ejemplares distribuidos en tres n\u00facleos poblacionales. La situaci\u00f3n actual de las poblaciones valencianas se ha calificado, hasta ahora, de preocupante, teniendo escasos n\u00facleos conocidos en el J\u00facar, concentrados mayoritariamente en Jalance.<\/p>\n<p style=\"text-align: justify;\">Carreres destaca, adem\u00e1s, que \u00abla presencia de arraclanes aportar\u00e1 singularidad y protecci\u00f3n a este tramo del J\u00facar\u00bb. La directora de la Fundaci\u00f3n Limne, Salas Tom\u00e1s, se\u00f1ala que \u00ablas arraclanes tienen actualmente el mismo estatus legal que el lince ib\u00e9rico. En Alzira esta planta se ha adaptado muy bien, observando ya floraci\u00f3n y fructificaci\u00f3n del primer n\u00facleo poblacional creado el a\u00f1o pasado\u00bb.<\/p>\n<p style=\"text-align: justify;\">Detr\u00e1s de esta planta se esconden muchos a\u00f1os de trabajos dirigidos por la Direcci\u00f3n General de Medio Natural y de Evaluaci\u00f3n Ambiental de la Generalitat Valenciana, a trav\u00e9s del Centro para la Investigaci\u00f3n y Experimentaci\u00f3n Forestal (CIEF) y el Servicio de Vida Silvestre, que han conseguido reproducir la planta in vitro a trav\u00e9s de los escasos ejemplares que se hab\u00edan censado originalmente.<\/p>\n<p style=\"text-align: center;\"><a class=\"jcepopup\" title=\"L\u2019Ajuntament d\u2019Alzira recupera el bosc de ribera del X\u00faquer \" href=\"https:\/\/alzira.es\/wp-content\/uploads\/2018\/02\/Festa_Arbre_2018_11_febrer_1.jpeg\" target=\"_blank\" rel=\"noopener\"><img fetchpriority=\"high\" decoding=\"async\" class=\" size-full wp-image-27709\" title=\"L\u2019Ajuntament d\u2019Alzira recupera el bosc de ribera del X\u00faquer \" src=\"https:\/\/alzira.es\/wp-content\/uploads\/2018\/02\/Festa_Arbre_2018_11_febrer_1.jpeg\" alt=\"Festa Arbre 2018 11 febrer 1\" width=\"400\" height=\"240\" srcset=\"https:\/\/alzira.es\/wp-content\/uploads\/2018\/02\/Festa_Arbre_2018_11_febrer_1.jpeg 1600w, https:\/\/alzira.es\/wp-content\/uploads\/2018\/02\/Festa_Arbre_2018_11_febrer_1-680x408.jpeg 680w, https:\/\/alzira.es\/wp-content\/uploads\/2018\/02\/Festa_Arbre_2018_11_febrer_1-1430x858.jpeg 1430w, https:\/\/alzira.es\/wp-content\/uploads\/2018\/02\/Festa_Arbre_2018_11_febrer_1-768x461.jpeg 768w, https:\/\/alzira.es\/wp-content\/uploads\/2018\/02\/Festa_Arbre_2018_11_febrer_1-1536x922.jpeg 1536w\" sizes=\"(max-width: 400px) 100vw, 400px\" \/><\/a>&nbsp;<a class=\"jcepopup\" style=\"font-size: 14.4px; text-align: center;\" title=\"L\u2019Ajuntament d\u2019Alzira recupera el bosc de ribera del X\u00faquer \" type=\"image\" href=\"https:\/\/alzira.es\/wp-content\/uploads\/2018\/02\/Festa_Arbre_2018_11_febrer_2.jpeg\" target=\"_blank\" rel=\"noopener\"><img decoding=\"async\" class=\"size-full wp-image-27712 lazyload\" title=\"L\u2019Ajuntament d\u2019Alzira recupera el bosc de ribera del X\u00faquer \" data-src=\"https:\/\/alzira.es\/wp-content\/uploads\/2018\/02\/Festa_Arbre_2018_11_febrer_2.jpeg\" alt=\"Festa Arbre 2018 11 febrer 2\" width=\"400\" height=\"240\" data-srcset=\"https:\/\/alzira.es\/wp-content\/uploads\/2018\/02\/Festa_Arbre_2018_11_febrer_2.jpeg 1600w, https:\/\/alzira.es\/wp-content\/uploads\/2018\/02\/Festa_Arbre_2018_11_febrer_2-680x408.jpeg 680w, https:\/\/alzira.es\/wp-content\/uploads\/2018\/02\/Festa_Arbre_2018_11_febrer_2-1430x858.jpeg 1430w, https:\/\/alzira.es\/wp-content\/uploads\/2018\/02\/Festa_Arbre_2018_11_febrer_2-768x461.jpeg 768w, https:\/\/alzira.es\/wp-content\/uploads\/2018\/02\/Festa_Arbre_2018_11_febrer_2-1536x922.jpeg 1536w\" data-sizes=\"(max-width: 400px) 100vw, 400px\" src=\"data:image\/svg+xml;base64,PHN2ZyB3aWR0aD0iMSIgaGVpZ2h0PSIxIiB4bWxucz0iaHR0cDovL3d3dy53My5vcmcvMjAwMC9zdmciPjwvc3ZnPg==\" style=\"--smush-placeholder-width: 400px; --smush-placeholder-aspect-ratio: 400\/240;\" \/><\/a><\/p>\n","protected":false},"excerpt":{"rendered":"<p>La ciudadan\u00eda colabora en la recuperaci\u00f3n del r\u00edo en la Fiesta del \u00c1rbol Alzira, 13 de febrero de 2018.- La concejal\u00eda de Medio Ambiente del Ayuntamiento de Alzira, con la asistencia t\u00e9cnica de la Fundaci\u00f3n Limne y la Confederaci\u00f3n Hidrogr\u00e1fica del J\u00facar, est\u00e1 trabajando de manera intensa para recuperar el tramo del J\u00facar que pasa &hellip; <\/p>\n<p class=\"link-more\"><a href=\"https:\/\/alzira.es\/es\/l-ajuntament-d-alzira-recupera-el-bosc-de-ribera-del-xuquer\/\" class=\"more-link\">Continuar leyendo<span class=\"screen-reader-text\"> \u00abEl Ayuntamiento de Alzira recupera el bosque de ribera del J\u00facar\u00bb<\/span><\/a><\/p>\n","protected":false},"author":29,"featured_media":27709,"comment_status":"","ping_status":"","sticky":false,"template":"","format":"standard","meta":{"_acf_changed":false,"footnotes":""},"categories":[1893],"tags":[],"class_list":["post-27714","post","type-post","status-publish","format-standard","has-post-thumbnail","hentry","category-hemeroteca"],"acf":[],"_links":{"self":[{"href":"https:\/\/alzira.es\/es\/wp-json\/wp\/v2\/posts\/27714","targetHints":{"allow":["GET"]}}],"collection":[{"href":"https:\/\/alzira.es\/es\/wp-json\/wp\/v2\/posts"}],"about":[{"href":"https:\/\/alzira.es\/es\/wp-json\/wp\/v2\/types\/post"}],"author":[{"embeddable":true,"href":"https:\/\/alzira.es\/es\/wp-json\/wp\/v2\/users\/29"}],"replies":[{"embeddable":true,"href":"https:\/\/alzira.es\/es\/wp-json\/wp\/v2\/comments?post=27714"}],"version-history":[{"count":0,"href":"https:\/\/alzira.es\/es\/wp-json\/wp\/v2\/posts\/27714\/revisions"}],"wp:featuredmedia":[{"embeddable":true,"href":"https:\/\/alzira.es\/es\/wp-json\/wp\/v2\/media\/27709"}],"wp:attachment":[{"href":"https:\/\/alzira.es\/es\/wp-json\/wp\/v2\/media?parent=27714"}],"wp:term":[{"taxonomy":"category","embeddable":true,"href":"https:\/\/alzira.es\/es\/wp-json\/wp\/v2\/categories?post=27714"},{"taxonomy":"post_tag","embeddable":true,"href":"https:\/\/alzira.es\/es\/wp-json\/wp\/v2\/tags?post=27714"}],"curies":[{"name":"wp","href":"https:\/\/api.w.org\/{rel}","templated":true}]}}