{"id":27705,"date":"2018-02-13T14:30:04","date_gmt":"2018-02-13T13:30:04","guid":{"rendered":"https:\/\/alzira.es\/l-aula-mentor-d-idea-ja-compta-amb-185-usuaris-aries-en-el-2018-i-es-troba-entre-les-15-ciutats-amb-mes-matricules-de-tot-l-estat\/"},"modified":"2018-02-13T14:30:04","modified_gmt":"2018-02-13T13:30:04","slug":"l-aula-mentor-d-idea-ja-compta-amb-185-usuaris-aries-en-el-2018-i-es-troba-entre-les-15-ciutats-amb-mes-matricules-de-tot-l-estat","status":"publish","type":"post","link":"https:\/\/alzira.es\/es\/l-aula-mentor-d-idea-ja-compta-amb-185-usuaris-aries-en-el-2018-i-es-troba-entre-les-15-ciutats-amb-mes-matricules-de-tot-l-estat\/","title":{"rendered":"El Aula Mentor de IDEA ya cuenta con 185 usuarios\/as en el 2018 y se encuentra entre las 15 ciudades con m\u00e1s matr\u00edculas de todo el Estado"},"content":{"rendered":"<p style=\"text-align: justify;\">Alzira, 13 de febrero del 2018. El Ayuntamiento de Alzira, de la mano de la concejal\u00eda de Desarrollo Econ\u00f3mico, Trabajo y Proyectos Europeos e IDEA, ofrece a d\u00eda de hoy 185 matr\u00edculas de Aula Mentor, que permite a la ciudadan\u00eda realizar m\u00e1s de 120 especialidades de cursos online, avalados por el Ministerio de Educaci\u00f3n. Alzira se posiciona entre las 15 ciudades con m\u00e1s usuarios\/as de todo el estado espa\u00f1ol.<\/p>\n<p style=\"text-align: justify;\">Para el responsable del \u00e1rea, Iv\u00e1n Mart\u00ednez: \u00abLa formaci\u00f3n es una herramienta fundamental en la inserci\u00f3n en el mercado laboral y para desarrollar el itinerario profesional. Al respecto, desde IDEA se participa en el programa de Aula Mentor que ofrece m\u00e1s de 120 cursos online, los cuales se encuentran actualizados en todo momento y al alcance de la ciudadan\u00eda. Esta formaci\u00f3n profesional que se realiza mediante IDEA va adscrita a todas aquellas trabajadoras y trabajadores en activo que necesitan adquirir o perfeccionar su nivel de conocimientos, como tambi\u00e9n a desempleadas y desempleados con la finalidad de facilitar su inserci\u00f3n en el mercado laboral as\u00ed como contribuir a la promoci\u00f3n del autoempleo\u00bb.<\/p>\n<p style=\"text-align: center;\"><a class=\"jcepopup\" title=\"Aula Mentor\" href=\"https:\/\/alzira.es\/wp-content\/uploads\/2018\/02\/IMG_1332.jpg\" target=\"_blank\" rel=\"noopener\"><img fetchpriority=\"high\" decoding=\"async\" class=\" size-full wp-image-27703\" title=\"Aula Mentor\" src=\"https:\/\/alzira.es\/wp-content\/uploads\/2018\/02\/IMG_1332.jpg\" alt=\"IMG 1332\" width=\"600\" height=\"400\" \/><\/a><\/p>\n","protected":false},"excerpt":{"rendered":"<p>Alzira, 13 de febrero del 2018. El Ayuntamiento de Alzira, de la mano de la concejal\u00eda de Desarrollo Econ\u00f3mico, Trabajo y Proyectos Europeos e IDEA, ofrece a d\u00eda de hoy 185 matr\u00edculas de Aula Mentor, que permite a la ciudadan\u00eda realizar m\u00e1s de 120 especialidades de cursos online, avalados por el Ministerio de Educaci\u00f3n. Alzira &hellip; <\/p>\n<p class=\"link-more\"><a href=\"https:\/\/alzira.es\/es\/l-aula-mentor-d-idea-ja-compta-amb-185-usuaris-aries-en-el-2018-i-es-troba-entre-les-15-ciutats-amb-mes-matricules-de-tot-l-estat\/\" class=\"more-link\">Continuar leyendo<span class=\"screen-reader-text\"> \u00abEl Aula Mentor de IDEA ya cuenta con 185 usuarios\/as en el 2018 y se encuentra entre las 15 ciudades con m\u00e1s matr\u00edculas de todo el Estado\u00bb<\/span><\/a><\/p>\n","protected":false},"author":29,"featured_media":27703,"comment_status":"","ping_status":"","sticky":false,"template":"","format":"standard","meta":{"_acf_changed":false,"footnotes":""},"categories":[1893],"tags":[],"class_list":["post-27705","post","type-post","status-publish","format-standard","has-post-thumbnail","hentry","category-hemeroteca"],"acf":[],"_links":{"self":[{"href":"https:\/\/alzira.es\/es\/wp-json\/wp\/v2\/posts\/27705","targetHints":{"allow":["GET"]}}],"collection":[{"href":"https:\/\/alzira.es\/es\/wp-json\/wp\/v2\/posts"}],"about":[{"href":"https:\/\/alzira.es\/es\/wp-json\/wp\/v2\/types\/post"}],"author":[{"embeddable":true,"href":"https:\/\/alzira.es\/es\/wp-json\/wp\/v2\/users\/29"}],"replies":[{"embeddable":true,"href":"https:\/\/alzira.es\/es\/wp-json\/wp\/v2\/comments?post=27705"}],"version-history":[{"count":0,"href":"https:\/\/alzira.es\/es\/wp-json\/wp\/v2\/posts\/27705\/revisions"}],"wp:featuredmedia":[{"embeddable":true,"href":"https:\/\/alzira.es\/es\/wp-json\/wp\/v2\/media\/27703"}],"wp:attachment":[{"href":"https:\/\/alzira.es\/es\/wp-json\/wp\/v2\/media?parent=27705"}],"wp:term":[{"taxonomy":"category","embeddable":true,"href":"https:\/\/alzira.es\/es\/wp-json\/wp\/v2\/categories?post=27705"},{"taxonomy":"post_tag","embeddable":true,"href":"https:\/\/alzira.es\/es\/wp-json\/wp\/v2\/tags?post=27705"}],"curies":[{"name":"wp","href":"https:\/\/api.w.org\/{rel}","templated":true}]}}