{"id":27683,"date":"2018-02-09T18:32:45","date_gmt":"2018-02-09T17:32:45","guid":{"rendered":"https:\/\/alzira.es\/alzira-culmina-diumenge-les-activitats-entorn-a-la-festa-de-l-arbre\/"},"modified":"2018-02-09T18:32:45","modified_gmt":"2018-02-09T17:32:45","slug":"alzira-culmina-diumenge-les-activitats-entorn-a-la-festa-de-l-arbre","status":"publish","type":"post","link":"https:\/\/alzira.es\/es\/alzira-culmina-diumenge-les-activitats-entorn-a-la-festa-de-l-arbre\/","title":{"rendered":"Alzira culmina el domingo las actividades de la Fiesta del \u00c1rbol"},"content":{"rendered":"<p style=\"text-align: justify;\">Alzira, 9 de febrero de 2018.- Este domingo, 11 de febrero, Alzira culmina las actividades organizadas por la concejal\u00eda de Medio Ambiente en torno a la Fiesta del \u00c1rbol que dieron inicio la semana pasada. El lugar donde se llevar\u00e1n a cabo las diferentes actividades previstas son en el r\u00edo J\u00facar, entre el Pont de Ferro y el de Jos\u00e9 Pellicer.<\/p>\n<p>A las 10 del ma\u00f1ana empieza la actividad de repoblaci\u00f3n con 250 plantas, aproximadamente, de especies t\u00edpicas del bosque de ribera. Dicha actividad se llevar\u00e1 a cabo a lo largo de todo la ma\u00f1ana, a medida que la gente vaya acudiendo.<br \/>A las 12 horas, se har\u00e1 una visita guiada parra conocer el avifauna de la zona del r\u00edo y Malec\u00f3, con una duraci\u00f3n de una hora aproximadamente.<\/p>\n<p>A lo largo de la ma\u00f1ana, en la zona de la repoblaci\u00f3n, se har\u00e1n talleres para los participantes, as\u00ed como tambi\u00e9n se har\u00e1 un almuerzo con bocadillos y bebida, a cargo del Ayuntamiento, y se repartir\u00e1n camisetas y plantas para los participantes, hasta acabar existencias.<\/p>\n<p>Esta actividad cuenta con la colaboraci\u00f3n de la Fundaci\u00f3n Limne, Alzicoop Coop. V., La Granja de Bitxos, VACIF, Cruz Roja Alzira, Interpreta Natura, ClearPet, Grefusa y la Falla Sant Joan.<\/p>\n<p style=\"text-align: center;\"><img fetchpriority=\"high\" decoding=\"async\" class=\" size-full wp-image-27681\" title=\"Alzira culmina diumenge les activitats entorn a la Festa de l\u2019Arbre\" src=\"https:\/\/alzira.es\/wp-content\/uploads\/2018\/02\/11-febrer-dia-de-l_arbre.png\" alt=\"11-febrer-dia-de-l arbre\" width=\"800\" height=\"800\" srcset=\"https:\/\/alzira.es\/wp-content\/uploads\/2018\/02\/11-febrer-dia-de-l_arbre.png 1000w, https:\/\/alzira.es\/wp-content\/uploads\/2018\/02\/11-febrer-dia-de-l_arbre-510x510.png 510w, https:\/\/alzira.es\/wp-content\/uploads\/2018\/02\/11-febrer-dia-de-l_arbre-350x350.png 350w, https:\/\/alzira.es\/wp-content\/uploads\/2018\/02\/11-febrer-dia-de-l_arbre-768x768.png 768w, https:\/\/alzira.es\/wp-content\/uploads\/2018\/02\/11-febrer-dia-de-l_arbre-100x100.png 100w\" sizes=\"(max-width: 706px) 89vw, (max-width: 767px) 82vw, 740px\" \/><\/p>\n","protected":false},"excerpt":{"rendered":"<p>Alzira, 9 de febrero de 2018.- Este domingo, 11 de febrero, Alzira culmina las actividades organizadas por la concejal\u00eda de Medio Ambiente en torno a la Fiesta del \u00c1rbol que dieron inicio la semana pasada. El lugar donde se llevar\u00e1n a cabo las diferentes actividades previstas son en el r\u00edo J\u00facar, entre el Pont de &hellip; <\/p>\n<p class=\"link-more\"><a href=\"https:\/\/alzira.es\/es\/alzira-culmina-diumenge-les-activitats-entorn-a-la-festa-de-l-arbre\/\" class=\"more-link\">Continuar leyendo<span class=\"screen-reader-text\"> \u00abAlzira culmina el domingo las actividades de la Fiesta del \u00c1rbol\u00bb<\/span><\/a><\/p>\n","protected":false},"author":29,"featured_media":27681,"comment_status":"","ping_status":"","sticky":false,"template":"","format":"standard","meta":{"_acf_changed":false,"footnotes":""},"categories":[1893],"tags":[],"class_list":["post-27683","post","type-post","status-publish","format-standard","has-post-thumbnail","hentry","category-hemeroteca"],"acf":[],"_links":{"self":[{"href":"https:\/\/alzira.es\/es\/wp-json\/wp\/v2\/posts\/27683","targetHints":{"allow":["GET"]}}],"collection":[{"href":"https:\/\/alzira.es\/es\/wp-json\/wp\/v2\/posts"}],"about":[{"href":"https:\/\/alzira.es\/es\/wp-json\/wp\/v2\/types\/post"}],"author":[{"embeddable":true,"href":"https:\/\/alzira.es\/es\/wp-json\/wp\/v2\/users\/29"}],"replies":[{"embeddable":true,"href":"https:\/\/alzira.es\/es\/wp-json\/wp\/v2\/comments?post=27683"}],"version-history":[{"count":0,"href":"https:\/\/alzira.es\/es\/wp-json\/wp\/v2\/posts\/27683\/revisions"}],"wp:featuredmedia":[{"embeddable":true,"href":"https:\/\/alzira.es\/es\/wp-json\/wp\/v2\/media\/27681"}],"wp:attachment":[{"href":"https:\/\/alzira.es\/es\/wp-json\/wp\/v2\/media?parent=27683"}],"wp:term":[{"taxonomy":"category","embeddable":true,"href":"https:\/\/alzira.es\/es\/wp-json\/wp\/v2\/categories?post=27683"},{"taxonomy":"post_tag","embeddable":true,"href":"https:\/\/alzira.es\/es\/wp-json\/wp\/v2\/tags?post=27683"}],"curies":[{"name":"wp","href":"https:\/\/api.w.org\/{rel}","templated":true}]}}