{"id":27670,"date":"2018-02-08T19:05:16","date_gmt":"2018-02-08T18:05:16","guid":{"rendered":"https:\/\/alzira.es\/les-obres-de-millora-de-l-insectari-municipal-d-alzira-finalitzen-la-setmana-que-ve\/"},"modified":"2018-02-08T19:05:16","modified_gmt":"2018-02-08T18:05:16","slug":"les-obres-de-millora-de-l-insectari-municipal-d-alzira-finalitzen-la-setmana-que-ve","status":"publish","type":"post","link":"https:\/\/alzira.es\/es\/les-obres-de-millora-de-l-insectari-municipal-d-alzira-finalitzen-la-setmana-que-ve\/","title":{"rendered":"Las obras de mejora del insectario municipal de Alzira finalizan la pr\u00f3xima semana"},"content":{"rendered":"<p style=\"text-align: justify;\">Alzira,&nbsp;8 de febrero de 2018.- La concejal\u00eda de Agricultura y Medio Ambiente del Ayuntamiento de Alzira finalizar\u00e1 las obras de mantenimiento y mejora en las instalaciones del insectario municipal la pr\u00f3xima semana.<\/p>\n<p>Estas obras consisten en la renovaci\u00f3n de la impermeabilizaci\u00f3n de la terraza del edificio, la puesta en funcionamiento del ba\u00f1o, el mantenimiento de la carpinter\u00eda de las antiguas oficinas, mejora de la instalaci\u00f3n el\u00e9ctrica, incorporaci\u00f3n de climatizaci\u00f3n en una de las salas del insectario, pulimento del pavimento de terrazo y pintura de los paramentos de la primera planta.<\/p>\n<p>El objetivo de estas actuaciones es adecuar el insectario para el pr\u00f3ximo inicio de la campa\u00f1a de control integral de plagas a trav\u00e9s del uso del Cryptolaemus montrouziery, enemigo natural m\u00e1s eficaz del Planoccocus citrino, depredador que afecta los c\u00edtricos de manera grave.<\/p>\n<p>Con estas obras de mantenimiento se mejoran las salas del insectario y se habilita una sala de usos m\u00faltiples que se utilizar\u00e1 para difundir entre nuestros escolares el funcionamiento del control biol\u00f3gico de plagas.<\/p>\n<p>La finalizaci\u00f3n de las obras est\u00e1 prevista para el 16 de febrero, y a continuaci\u00f3n se iniciar\u00e1 el proceso de cr\u00eda y producci\u00f3n de Cryptolaemus; Alzira ser\u00e1 uno de los municipios pioneros de la Comunidad Valenciana en impulsar este tipo de medidas en colaboraci\u00f3n con la cooperativa local Alzicoop y el Consell Municipal Agrari, ya que se realiza desde el a\u00f1o 1969.<\/p>\n<p>Este a\u00f1o como novedad se ofrecer\u00e1 la posibilidad de visita al insectario para colegios e institutos de la ciudad, para que conozcan de primera mano c\u00f3mo funciona el control integrado de plagas<span style=\"font-size: 14.4px;\">.<\/span><\/p>\n<p style=\"text-align: center;\"><a class=\"jcepopup\" title=\"Les obres de millora de l\u2019insectari municipal d\u2019Alzira finalitzen la setmana que ve\" href=\"https:\/\/alzira.es\/wp-content\/uploads\/2018\/02\/Insectari.jpg\" target=\"_blank\" rel=\"noopener\"><img fetchpriority=\"high\" decoding=\"async\" class=\" size-full wp-image-27668\" title=\"Les obres de millora de l\u2019insectari municipal d\u2019Alzira finalitzen la setmana que ve\" src=\"https:\/\/alzira.es\/wp-content\/uploads\/2018\/02\/Insectari.jpg\" alt=\"Insectari\" width=\"600\" height=\"450\" srcset=\"https:\/\/alzira.es\/wp-content\/uploads\/2018\/02\/Insectari.jpg 1200w, https:\/\/alzira.es\/wp-content\/uploads\/2018\/02\/Insectari-680x510.jpg 680w, https:\/\/alzira.es\/wp-content\/uploads\/2018\/02\/Insectari-768x576.jpg 768w\" sizes=\"(max-width: 600px) 100vw, 600px\" \/><\/a><\/p>\n","protected":false},"excerpt":{"rendered":"<p>Alzira,&nbsp;8 de febrero de 2018.- La concejal\u00eda de Agricultura y Medio Ambiente del Ayuntamiento de Alzira finalizar\u00e1 las obras de mantenimiento y mejora en las instalaciones del insectario municipal la pr\u00f3xima semana. Estas obras consisten en la renovaci\u00f3n de la impermeabilizaci\u00f3n de la terraza del edificio, la puesta en funcionamiento del ba\u00f1o, el mantenimiento de &hellip; <\/p>\n<p class=\"link-more\"><a href=\"https:\/\/alzira.es\/es\/les-obres-de-millora-de-l-insectari-municipal-d-alzira-finalitzen-la-setmana-que-ve\/\" class=\"more-link\">Continuar leyendo<span class=\"screen-reader-text\"> \u00abLas obras de mejora del insectario municipal de Alzira finalizan la pr\u00f3xima semana\u00bb<\/span><\/a><\/p>\n","protected":false},"author":29,"featured_media":27668,"comment_status":"","ping_status":"","sticky":false,"template":"","format":"standard","meta":{"_acf_changed":false,"footnotes":""},"categories":[1893],"tags":[],"class_list":["post-27670","post","type-post","status-publish","format-standard","has-post-thumbnail","hentry","category-hemeroteca"],"acf":[],"_links":{"self":[{"href":"https:\/\/alzira.es\/es\/wp-json\/wp\/v2\/posts\/27670","targetHints":{"allow":["GET"]}}],"collection":[{"href":"https:\/\/alzira.es\/es\/wp-json\/wp\/v2\/posts"}],"about":[{"href":"https:\/\/alzira.es\/es\/wp-json\/wp\/v2\/types\/post"}],"author":[{"embeddable":true,"href":"https:\/\/alzira.es\/es\/wp-json\/wp\/v2\/users\/29"}],"replies":[{"embeddable":true,"href":"https:\/\/alzira.es\/es\/wp-json\/wp\/v2\/comments?post=27670"}],"version-history":[{"count":0,"href":"https:\/\/alzira.es\/es\/wp-json\/wp\/v2\/posts\/27670\/revisions"}],"wp:featuredmedia":[{"embeddable":true,"href":"https:\/\/alzira.es\/es\/wp-json\/wp\/v2\/media\/27668"}],"wp:attachment":[{"href":"https:\/\/alzira.es\/es\/wp-json\/wp\/v2\/media?parent=27670"}],"wp:term":[{"taxonomy":"category","embeddable":true,"href":"https:\/\/alzira.es\/es\/wp-json\/wp\/v2\/categories?post=27670"},{"taxonomy":"post_tag","embeddable":true,"href":"https:\/\/alzira.es\/es\/wp-json\/wp\/v2\/tags?post=27670"}],"curies":[{"name":"wp","href":"https:\/\/api.w.org\/{rel}","templated":true}]}}