{"id":27618,"date":"2018-02-05T13:19:33","date_gmt":"2018-02-05T12:19:33","guid":{"rendered":"https:\/\/alzira.es\/idea-presenta-a-les-empreses-seleccionades-del-programa-12-mesos-12-empreses\/"},"modified":"2018-02-05T13:19:33","modified_gmt":"2018-02-05T12:19:33","slug":"idea-presenta-a-les-empreses-seleccionades-del-programa-12-mesos-12-empreses","status":"publish","type":"post","link":"https:\/\/alzira.es\/es\/idea-presenta-a-les-empreses-seleccionades-del-programa-12-mesos-12-empreses\/","title":{"rendered":"IDEA presenta a las empresas seleccionadas del programa \u00ab12 meses, 12 empresas\u00bb"},"content":{"rendered":"<p style=\"text-align: justify;\">Alzira, 5 de febrero del 2018. Esta ma\u00f1ana ha tenido lugar en IDEA el acto de presentaci\u00f3n de las iniciativas que han sido seleccionadas en el programa \u00ab12 meses, 12 empresas\u00bb. Esta iniciativa consiste en el lanzamiento y promoci\u00f3n en marketing digital de una empresa seleccionada durante un mes del 2018, de acuerdo con las bases aprobadas por el Ayuntamiento de Alzira y el veredicto del tribunal que ha evaluado las y los aspirantes.<\/p>\n<p style=\"text-align: justify;\">Iv\u00e1n Mart\u00ednez, concejal de Desarrollo Econ\u00f3mico, Trabajo y Proyectos Europeos: \u00abEl objetivo de \u00ab12 meses, 12 empresas\u00bb es impulsar de forma directa una nueva empresa de Alzira a trav\u00e9s de un plan de marketing, mediante materiales digitales (v\u00eddeo, fotograf\u00edas&#8230;), un estudio de la presencia digital de la marca, una auditor\u00eda web, una campa\u00f1a de atracci\u00f3n de seguidores, asistencia t\u00e9cnica y difusi\u00f3n de la empresa en los medios de comunicaci\u00f3n o su colaboraci\u00f3n en las actividades y jornadas que se realizan a lo largo del a\u00f1o en IDEA.<\/p>\n<p style=\"text-align: justify;\">Las empresas seleccionadas en este programa han sido:<\/p>\n<p style=\"text-align: justify; margin-left: 30px;\">-Fem Esport Alzira (enero)<\/p>\n<p style=\"text-align: justify; margin-left: 30px;\">&#8211; Move On Jobs (febrero)<\/p>\n<p style=\"text-align: justify; margin-left: 30px;\">&#8211; Makeup Cruz (marzo)<\/p>\n<p style=\"text-align: justify; margin-left: 30px;\">&#8211; Celia Fons Moda (abril)<\/p>\n<p style=\"text-align: justify; margin-left: 30px;\">&#8211; EcoNatura Levante (mayo)<\/p>\n<p style=\"text-align: justify; margin-left: 30px;\">&#8211; Esteban Roca Photo (junio)<\/p>\n<p style=\"text-align: justify; margin-left: 30px;\">&#8211; Signes &amp; Coll Consulting (julio)<\/p>\n<p style=\"text-align: justify; margin-left: 30px;\">&#8211; Llavorem (agosto)<\/p>\n<p style=\"text-align: justify; margin-left: 30px;\">&#8211; 1, 2, 3 Show Animaci\u00f3n (septiembre)<\/p>\n<p style=\"text-align: justify; margin-left: 30px;\">&#8211; Gaia Centre Hol\u00edstic (octubre)<\/p>\n<p style=\"text-align: justify; margin-left: 30px;\">&#8211; Innovation Drone Systems (noviembre)<\/p>\n<p style=\"text-align: justify; margin-left: 30px;\">&#8211; Tasca All Negre (diciembre)<\/p>\n<p style=\"text-align: justify;\">Hay que decir que IDEA tiene un servicio de creaci\u00f3n de empresas y apoyo a emprendedores y PYME, de forma personalizada, as\u00ed como toda una serie de iniciativas municipales directas como EMPRENDE, de ayuda a la creaci\u00f3n de empresa, instrumentos de financiaci\u00f3n con cr\u00e9ditos bajos (merced a los convenios firmados por el Ayuntamiento de Alzira) o los premios IDEA COWORKING, de apoyo a la implantaci\u00f3n de empresas<span style=\"font-size: 14.4px;\">.<\/span><\/p>\n<p style=\"text-align: justify;\"><a class=\"jcepopup\" title=\"IDEA presenta a les empreses seleccionades del programa \u00ab12 mesos, 12 empreses\u00bb \" href=\"https:\/\/alzira.es\/wp-content\/uploads\/2018\/02\/IMG_4387.jpg\" target=\"_blank\" rel=\"noopener\"><img fetchpriority=\"high\" decoding=\"async\" class=\" size-full wp-image-27615\" title=\"IDEA presenta a les empreses seleccionades del programa \u00ab12 mesos, 12 empreses\u00bb \" src=\"https:\/\/alzira.es\/wp-content\/uploads\/2018\/02\/IMG_4387.jpg\" alt=\"IMG 4387\" width=\"600\" height=\"400\" \/><\/a><\/p>\n","protected":false},"excerpt":{"rendered":"<p>Alzira, 5 de febrero del 2018. Esta ma\u00f1ana ha tenido lugar en IDEA el acto de presentaci\u00f3n de las iniciativas que han sido seleccionadas en el programa \u00ab12 meses, 12 empresas\u00bb. Esta iniciativa consiste en el lanzamiento y promoci\u00f3n en marketing digital de una empresa seleccionada durante un mes del 2018, de acuerdo con las &hellip; <\/p>\n<p class=\"link-more\"><a href=\"https:\/\/alzira.es\/es\/idea-presenta-a-les-empreses-seleccionades-del-programa-12-mesos-12-empreses\/\" class=\"more-link\">Continuar leyendo<span class=\"screen-reader-text\"> \u00abIDEA presenta a las empresas seleccionadas del programa \u00ab12 meses, 12 empresas\u00bb\u00bb<\/span><\/a><\/p>\n","protected":false},"author":29,"featured_media":27615,"comment_status":"","ping_status":"","sticky":false,"template":"","format":"standard","meta":{"_acf_changed":false,"footnotes":""},"categories":[1893],"tags":[],"class_list":["post-27618","post","type-post","status-publish","format-standard","has-post-thumbnail","hentry","category-hemeroteca"],"acf":[],"_links":{"self":[{"href":"https:\/\/alzira.es\/es\/wp-json\/wp\/v2\/posts\/27618","targetHints":{"allow":["GET"]}}],"collection":[{"href":"https:\/\/alzira.es\/es\/wp-json\/wp\/v2\/posts"}],"about":[{"href":"https:\/\/alzira.es\/es\/wp-json\/wp\/v2\/types\/post"}],"author":[{"embeddable":true,"href":"https:\/\/alzira.es\/es\/wp-json\/wp\/v2\/users\/29"}],"replies":[{"embeddable":true,"href":"https:\/\/alzira.es\/es\/wp-json\/wp\/v2\/comments?post=27618"}],"version-history":[{"count":0,"href":"https:\/\/alzira.es\/es\/wp-json\/wp\/v2\/posts\/27618\/revisions"}],"wp:featuredmedia":[{"embeddable":true,"href":"https:\/\/alzira.es\/es\/wp-json\/wp\/v2\/media\/27615"}],"wp:attachment":[{"href":"https:\/\/alzira.es\/es\/wp-json\/wp\/v2\/media?parent=27618"}],"wp:term":[{"taxonomy":"category","embeddable":true,"href":"https:\/\/alzira.es\/es\/wp-json\/wp\/v2\/categories?post=27618"},{"taxonomy":"post_tag","embeddable":true,"href":"https:\/\/alzira.es\/es\/wp-json\/wp\/v2\/tags?post=27618"}],"curies":[{"name":"wp","href":"https:\/\/api.w.org\/{rel}","templated":true}]}}