{"id":27611,"date":"2018-02-06T11:48:37","date_gmt":"2018-02-06T10:48:37","guid":{"rendered":"https:\/\/alzira.es\/l-alcalde-viatja-a-centreamerica-en-visita-organitzada-per-la-mancomunitat-de-la-ribera-alta\/"},"modified":"2018-02-06T11:48:37","modified_gmt":"2018-02-06T10:48:37","slug":"l-alcalde-viatja-a-centreamerica-en-visita-organitzada-per-la-mancomunitat-de-la-ribera-alta","status":"publish","type":"post","link":"https:\/\/alzira.es\/es\/l-alcalde-viatja-a-centreamerica-en-visita-organitzada-per-la-mancomunitat-de-la-ribera-alta\/","title":{"rendered":"El alcalde viaja a Centroam\u00e9rica en visita organizada por la Mancomunitat de la Ribera Alta"},"content":{"rendered":"<p style=\"text-align: justify;\"><span style=\"font-size: 14.4px;\">Alzira, 6 de febrero 2018.- La Mancomunitat de la Ribera Alta ha organizado la visita del 6 al 14 de febrero con el objetivo de profundizar en el conocimiento mutuo y las relaciones establecidas en el contexto del Protocolo de Hermanamiento entre el esquina de Upala (Costa Rica), la Mancomunitat de la Ribera Alta y la Mancomunidad Trinacional Fronteriza R\u00edo Lempa (el Salvador, Guatemala y Honduras).<\/span><\/p>\n<p style=\"text-align: justify;\">Otro objetivo espec\u00edfico es establecer mecanismos de colaboraci\u00f3n y sinergias entre las entidades hermanadas, con los siguientes puntos de inter\u00e9s com\u00fan:<\/p>\n<p style=\"margin-left: 30px; text-align: justify;\">\u2022Mejora de la gobernaci\u00f3n local.<\/p>\n<p style=\"margin-left: 30px; text-align: justify;\">\u2022 Fomento del desarrollo sostenible en los territorios.<\/p>\n<p style=\"margin-left: 30px; text-align: justify;\">\u2022 Implicaci\u00f3n de la ciudadan\u00eda en la toma de decisiones.<\/p>\n<p style=\"margin-left: 30px; text-align: justify;\">\u2022 Intercambios sociales y culturales entre las tres regiones.<\/p>\n<p style=\"margin-left: 30px; text-align: justify;\">\u2022 Coordinaci\u00f3n de acciones orientadas al conocimiento y aprendizaje mutuo, institucional y de los territorios.<\/p>\n<p style=\"margin-left: 30px; text-align: justify;\">\u2022 Elaboraci\u00f3n y ejecuci\u00f3n conjunta de proyectos educativos, de desarrollo y medioambientales.<\/p>\n<p style=\"margin-left: 30px; text-align: justify;\">\u2022 Cooperaci\u00f3n para la mejora de la prestaci\u00f3n de servicios p\u00fablicos y\/o promoci\u00f3n del desarrollo econ\u00f3mico y social en los diferentes territorios hermanados (Manejo integral de residuos s\u00f3lidos, abastecimiento de agua potable, educaci\u00f3n, igualdad de oportunidades, entre otros).<\/p>\n<p style=\"text-align: justify;\">Los lugares a visitar por la expedici\u00f3n son Dulce Nombre de Mar\u00eda y San Fernando, del departamento de Chalatenango (el Salvador); Sinuapa y Ocotepeque, del<br \/>departamento de Ocotepeque (Honduras) y Esquipulas y Olopa, del departamento de Chiquimula (Guatemala).<\/p>\n<p style=\"text-align: justify;\">Concretamente, el alcalde, Diego G\u00f3mez, participar\u00e1 en dos ponencias: \u00abBuenas pr\u00e1cticas de gesti\u00f3n p\u00fablica local (los casos de Alzira, Upala y el Salvador)\u00bb y \u00abTransparencia y participaci\u00f3n en la gesti\u00f3n p\u00fablica. Ejemplos de buenas pr\u00e1cticas\u00bb.<br \/>Tambi\u00e9n presentar\u00e1 un v\u00eddeo de nuestra ciudad y asistir\u00e1 al descubrimiento de una placa y a la presentaci\u00f3n de la maqueta de la plaza de Alzira de la localidad salvadore\u00f1a Dulce Nombre de Mar\u00eda y San Fernando, del departamento de Chalatenango y al descubrimiento de la placa de la plaza de Alzira en la localidad guatemalteca de Esquipulas y Olopa, del departamento de Chiquimula<span style=\"font-size: 14.4px;\">.<\/span><\/p>\n<p style=\"text-align: center;\"><a class=\"jcepopup\" title=\"L\u2019alcalde viatja a Centream\u00e8rica en visita organitzada per la Mancomunitat de la Ribera Alta\" href=\"https:\/\/alzira.es\/wp-content\/uploads\/2018\/02\/IMG_8087.jpg\" target=\"_blank\" rel=\"noopener\"><img fetchpriority=\"high\" decoding=\"async\" class=\" size-full wp-image-27609\" title=\"L\u2019alcalde viatja a Centream\u00e8rica en visita organitzada per la Mancomunitat de la Ribera Alta\" src=\"https:\/\/alzira.es\/wp-content\/uploads\/2018\/02\/IMG_8087.jpg\" alt=\"IMG 8087\" width=\"600\" height=\"450\" \/><\/a><\/p>\n","protected":false},"excerpt":{"rendered":"<p>Alzira, 6 de febrero 2018.- La Mancomunitat de la Ribera Alta ha organizado la visita del 6 al 14 de febrero con el objetivo de profundizar en el conocimiento mutuo y las relaciones establecidas en el contexto del Protocolo de Hermanamiento entre el esquina de Upala (Costa Rica), la Mancomunitat de la Ribera Alta y &hellip; <\/p>\n<p class=\"link-more\"><a href=\"https:\/\/alzira.es\/es\/l-alcalde-viatja-a-centreamerica-en-visita-organitzada-per-la-mancomunitat-de-la-ribera-alta\/\" class=\"more-link\">Continuar leyendo<span class=\"screen-reader-text\"> \u00abEl alcalde viaja a Centroam\u00e9rica en visita organizada por la Mancomunitat de la Ribera Alta\u00bb<\/span><\/a><\/p>\n","protected":false},"author":29,"featured_media":27609,"comment_status":"","ping_status":"","sticky":false,"template":"","format":"standard","meta":{"_acf_changed":false,"footnotes":""},"categories":[1893],"tags":[],"class_list":["post-27611","post","type-post","status-publish","format-standard","has-post-thumbnail","hentry","category-hemeroteca"],"acf":[],"_links":{"self":[{"href":"https:\/\/alzira.es\/es\/wp-json\/wp\/v2\/posts\/27611","targetHints":{"allow":["GET"]}}],"collection":[{"href":"https:\/\/alzira.es\/es\/wp-json\/wp\/v2\/posts"}],"about":[{"href":"https:\/\/alzira.es\/es\/wp-json\/wp\/v2\/types\/post"}],"author":[{"embeddable":true,"href":"https:\/\/alzira.es\/es\/wp-json\/wp\/v2\/users\/29"}],"replies":[{"embeddable":true,"href":"https:\/\/alzira.es\/es\/wp-json\/wp\/v2\/comments?post=27611"}],"version-history":[{"count":0,"href":"https:\/\/alzira.es\/es\/wp-json\/wp\/v2\/posts\/27611\/revisions"}],"wp:featuredmedia":[{"embeddable":true,"href":"https:\/\/alzira.es\/es\/wp-json\/wp\/v2\/media\/27609"}],"wp:attachment":[{"href":"https:\/\/alzira.es\/es\/wp-json\/wp\/v2\/media?parent=27611"}],"wp:term":[{"taxonomy":"category","embeddable":true,"href":"https:\/\/alzira.es\/es\/wp-json\/wp\/v2\/categories?post=27611"},{"taxonomy":"post_tag","embeddable":true,"href":"https:\/\/alzira.es\/es\/wp-json\/wp\/v2\/tags?post=27611"}],"curies":[{"name":"wp","href":"https:\/\/api.w.org\/{rel}","templated":true}]}}