{"id":27606,"date":"2018-02-06T11:44:49","date_gmt":"2018-02-06T10:44:49","guid":{"rendered":"https:\/\/alzira.es\/l-ajuntament-d-alzira-des-de-les-regidories-de-participacio-ciutadana-i-gestio-urbanistica-celebra-al-llarg-de-febrer-el-mes-de-l-arbre\/"},"modified":"2018-02-06T11:44:49","modified_gmt":"2018-02-06T10:44:49","slug":"l-ajuntament-d-alzira-des-de-les-regidories-de-participacio-ciutadana-i-gestio-urbanistica-celebra-al-llarg-de-febrer-el-mes-de-l-arbre","status":"publish","type":"post","link":"https:\/\/alzira.es\/es\/l-ajuntament-d-alzira-des-de-les-regidories-de-participacio-ciutadana-i-gestio-urbanistica-celebra-al-llarg-de-febrer-el-mes-de-l-arbre\/","title":{"rendered":"El Ayuntamiento de Alzira, desde las concejal\u00edas de Participaci\u00f3n Ciudadana y Gesti\u00f3n Urban\u00edstica, celebra a lo largo de febrero el mes del \u00e1rbol"},"content":{"rendered":"<p style=\"text-align: justify;\">Alzira, 6 de febrero de 2018.- Un a\u00f1o m\u00e1s Alzira celebra a lo largo de febrero el mes del \u00e1rbol. Por ello, cada s\u00e1bado de ma\u00f1ana, las concejal\u00edas de Participaci\u00f3n Ciudadana y Gesti\u00f3n Urban\u00edstica colaboran conjuntamente con las diversas asociaciones vecinales.<\/p>\n<p style=\"text-align: justify;\">La actividad consiste en la plantaci\u00f3n de \u00e1rboles en varios puntos de la ciudad. El \u00e1rbol urbano es un elemento imprescindible en el paisaje y la vida de las ciudades, y como tal debe apreciarse su valor.<\/p>\n<p style=\"text-align: justify;\">Este pasado s\u00e1bado, 3 de febrero, la actividad se ha desarrollado en la Asociaci\u00f3n de les Basses, donde el vecindario ha plantado 15 \u00e1rboles, de especies aut\u00f3ctonas, en los zonas verdes del parque de este barrio.<\/p>\n<p style=\"text-align: justify;\">Las pr\u00f3ximas fechas son: el 19 de febrero en la zona del Balc\u00f3 de la Ribera. S\u00e1bado 17 en el Rac\u00f3, mientras que el 24 de febrero la actividad se desplaza hasta la zona de Nova Alzira. Los lugares han sido elegidos por la t\u00e9cnica de zonas verdes, para mejorar cada espacio verde escogido con especies aut\u00f3ctonas.<\/p>\n<p style=\"text-align: justify;\">Inma Onrubia, concejala de Participaci\u00f3n Ciudadana, ha manifestado que \u00abesta actividad busca la implicaci\u00f3n de la ciudadan\u00eda, haci\u00e9ndolos part\u00edcipes del respeto y atenci\u00f3n que se debe tener hacia el arbolado urbano\u00bb.<\/p>\n<p style=\"text-align: justify;\">Por su parte, Fernando Pascual, concejal de Gesti\u00f3n Urban\u00edstica, considera que \u00abla adecuada gesti\u00f3n del arbolado produce beneficios medioambientales porque son productores de ox\u00edgeno y absorben part\u00edculas, as\u00ed como elementos qu\u00edmicos contaminantes, por tanto, ayudan a mejorar la calidad del aire y el microclima urbano\u00bb<span style=\"font-size: 14.4px;\">.<\/span><\/p>\n<p style=\"text-align: center;\"><a class=\"jcepopup\" title=\"mes de l'arbre\" href=\"https:\/\/alzira.es\/wp-content\/uploads\/2018\/02\/20180203_115418.jpg\" target=\"_blank\" rel=\"noopener\"><img fetchpriority=\"high\" decoding=\"async\" class=\" size-full wp-image-27599\" title=\"mes de l'arbre\" src=\"https:\/\/alzira.es\/wp-content\/uploads\/2018\/02\/20180203_115418.jpg\" alt=\"20180203 115418\" width=\"265\" height=\"199\" srcset=\"https:\/\/alzira.es\/wp-content\/uploads\/2018\/02\/20180203_115418.jpg 1200w, https:\/\/alzira.es\/wp-content\/uploads\/2018\/02\/20180203_115418-680x510.jpg 680w, https:\/\/alzira.es\/wp-content\/uploads\/2018\/02\/20180203_115418-768x576.jpg 768w\" sizes=\"(max-width: 265px) 100vw, 265px\" \/><\/a>&nbsp;<a class=\"jcepopup\" style=\"font-size: 14.4px; text-align: center;\" title=\"mes de l'arbre\" type=\"image\" href=\"https:\/\/alzira.es\/wp-content\/uploads\/2018\/02\/20180203_115536.jpg\" target=\"_blank\" rel=\"noopener\"><img decoding=\"async\" class=\"size-full wp-image-27601 lazyload\" title=\"mes de l'arbre\" data-src=\"https:\/\/alzira.es\/wp-content\/uploads\/2018\/02\/20180203_115536.jpg\" alt=\"20180203 115536\" width=\"265\" height=\"199\" data-srcset=\"https:\/\/alzira.es\/wp-content\/uploads\/2018\/02\/20180203_115536.jpg 1200w, https:\/\/alzira.es\/wp-content\/uploads\/2018\/02\/20180203_115536-680x510.jpg 680w, https:\/\/alzira.es\/wp-content\/uploads\/2018\/02\/20180203_115536-768x576.jpg 768w\" data-sizes=\"(max-width: 265px) 100vw, 265px\" src=\"data:image\/svg+xml;base64,PHN2ZyB3aWR0aD0iMSIgaGVpZ2h0PSIxIiB4bWxucz0iaHR0cDovL3d3dy53My5vcmcvMjAwMC9zdmciPjwvc3ZnPg==\" style=\"--smush-placeholder-width: 265px; --smush-placeholder-aspect-ratio: 265\/199;\" \/><\/a>&nbsp;<a class=\"jcepopup\" style=\"font-size: 14.4px; text-align: center;\" title=\"mes de l'arbre\" type=\"image\" href=\"https:\/\/alzira.es\/wp-content\/uploads\/2018\/02\/20180203_120602.jpg\" target=\"_blank\" rel=\"noopener\"><img decoding=\"async\" class=\"size-full wp-image-27603 lazyload\" title=\"mes de l'arbre\" data-src=\"https:\/\/alzira.es\/wp-content\/uploads\/2018\/02\/20180203_120602.jpg\" alt=\"20180203 120602\" width=\"265\" height=\"199\" data-srcset=\"https:\/\/alzira.es\/wp-content\/uploads\/2018\/02\/20180203_120602.jpg 1200w, https:\/\/alzira.es\/wp-content\/uploads\/2018\/02\/20180203_120602-680x510.jpg 680w, https:\/\/alzira.es\/wp-content\/uploads\/2018\/02\/20180203_120602-768x576.jpg 768w\" data-sizes=\"(max-width: 265px) 100vw, 265px\" src=\"data:image\/svg+xml;base64,PHN2ZyB3aWR0aD0iMSIgaGVpZ2h0PSIxIiB4bWxucz0iaHR0cDovL3d3dy53My5vcmcvMjAwMC9zdmciPjwvc3ZnPg==\" style=\"--smush-placeholder-width: 265px; --smush-placeholder-aspect-ratio: 265\/199;\" \/><\/a><\/p>\n","protected":false},"excerpt":{"rendered":"<p>Alzira, 6 de febrero de 2018.- Un a\u00f1o m\u00e1s Alzira celebra a lo largo de febrero el mes del \u00e1rbol. Por ello, cada s\u00e1bado de ma\u00f1ana, las concejal\u00edas de Participaci\u00f3n Ciudadana y Gesti\u00f3n Urban\u00edstica colaboran conjuntamente con las diversas asociaciones vecinales. La actividad consiste en la plantaci\u00f3n de \u00e1rboles en varios puntos de la ciudad. &hellip; <\/p>\n<p class=\"link-more\"><a href=\"https:\/\/alzira.es\/es\/l-ajuntament-d-alzira-des-de-les-regidories-de-participacio-ciutadana-i-gestio-urbanistica-celebra-al-llarg-de-febrer-el-mes-de-l-arbre\/\" class=\"more-link\">Continuar leyendo<span class=\"screen-reader-text\"> \u00abEl Ayuntamiento de Alzira, desde las concejal\u00edas de Participaci\u00f3n Ciudadana y Gesti\u00f3n Urban\u00edstica, celebra a lo largo de febrero el mes del \u00e1rbol\u00bb<\/span><\/a><\/p>\n","protected":false},"author":29,"featured_media":27599,"comment_status":"","ping_status":"","sticky":false,"template":"","format":"standard","meta":{"_acf_changed":false,"footnotes":""},"categories":[1893],"tags":[],"class_list":["post-27606","post","type-post","status-publish","format-standard","has-post-thumbnail","hentry","category-hemeroteca"],"acf":[],"_links":{"self":[{"href":"https:\/\/alzira.es\/es\/wp-json\/wp\/v2\/posts\/27606","targetHints":{"allow":["GET"]}}],"collection":[{"href":"https:\/\/alzira.es\/es\/wp-json\/wp\/v2\/posts"}],"about":[{"href":"https:\/\/alzira.es\/es\/wp-json\/wp\/v2\/types\/post"}],"author":[{"embeddable":true,"href":"https:\/\/alzira.es\/es\/wp-json\/wp\/v2\/users\/29"}],"replies":[{"embeddable":true,"href":"https:\/\/alzira.es\/es\/wp-json\/wp\/v2\/comments?post=27606"}],"version-history":[{"count":0,"href":"https:\/\/alzira.es\/es\/wp-json\/wp\/v2\/posts\/27606\/revisions"}],"wp:featuredmedia":[{"embeddable":true,"href":"https:\/\/alzira.es\/es\/wp-json\/wp\/v2\/media\/27599"}],"wp:attachment":[{"href":"https:\/\/alzira.es\/es\/wp-json\/wp\/v2\/media?parent=27606"}],"wp:term":[{"taxonomy":"category","embeddable":true,"href":"https:\/\/alzira.es\/es\/wp-json\/wp\/v2\/categories?post=27606"},{"taxonomy":"post_tag","embeddable":true,"href":"https:\/\/alzira.es\/es\/wp-json\/wp\/v2\/tags?post=27606"}],"curies":[{"name":"wp","href":"https:\/\/api.w.org\/{rel}","templated":true}]}}