{"id":27595,"date":"2018-02-06T11:37:07","date_gmt":"2018-02-06T10:37:07","guid":{"rendered":"https:\/\/alzira.es\/l-ajuntament-d-alzira-des-de-la-regidoria-de-patrimoni-cultural-realitza-una-edicio-d-imans-amb-motius-de-l-exposicio-memoria-de-la-modernitat\/"},"modified":"2018-02-06T11:37:07","modified_gmt":"2018-02-06T10:37:07","slug":"l-ajuntament-d-alzira-des-de-la-regidoria-de-patrimoni-cultural-realitza-una-edicio-d-imans-amb-motius-de-l-exposicio-memoria-de-la-modernitat","status":"publish","type":"post","link":"https:\/\/alzira.es\/es\/l-ajuntament-d-alzira-des-de-la-regidoria-de-patrimoni-cultural-realitza-una-edicio-d-imans-amb-motius-de-l-exposicio-memoria-de-la-modernitat\/","title":{"rendered":"El Ayuntamiento de Alzira, desde la concejal\u00eda de Patrimonio Cultural realiza una edici\u00f3n de imanes con motivo de la exposici\u00f3n Mem\u00f2ria de la modernitat"},"content":{"rendered":"<p style=\"text-align: justify;\">Alzira, 6 de febrero de 2018.- La concejal\u00eda de Patrimonio Cultural ha confeccionado cuatro imanes, con la reproducci\u00f3n de im\u00e1genes de los cuadros de la Diputaci\u00f3 expuestos en el MUMA, con motivo de la muestra \u00abMem\u00f2ria de la modernitat\u00bb, que fue inaugurada por el presidente de la Diputaci\u00f3, Jorge Rodr\u00edguez, el pasado 2 de noviembre, y que se podr\u00e1 visitar hasta el 4 de marzo.<\/p>\n<p style=\"text-align: justify;\">La edici\u00f3n del imanes, con una tirada de 200 ejemplares de cada una de las cuatro im\u00e1genes elegidas, tiene como finalidad que los visitantes que lo desean puedan adquirirlos como elementos recordatorios de la visita, para la decoraci\u00f3n o simplemente como pieza de coleccionismo, as\u00ed como para obsequiar.<\/p>\n<p style=\"text-align: justify;\">Dichas representaciones est\u00e1n siendo muy apreciadas por los visitantes: \u00abEl Tribunal de las Aig\u00fces\u00bb, de Bernardo Ferrandiz; \u00abEl rey Don Jaime entrega la espada a su hijo\u00bb, de Ignacio Pinazo; y el \u00abXiquet de la bola\u00bb y el \u00abCrit del palleter\u00bb, de Joaquin Sorolla.<\/p>\n<p style=\"text-align: justify;\">Miguel \u00c1ngel Gil de Digital Flash, ha sido el encargado de la confecci\u00f3n de los imanes utilizando la t\u00e9cnica de sublimaci\u00f3n.<\/p>\n<p style=\"text-align: justify;\">Se pueden adquirir al MUMA al precio de cuatro euros por pieza.<\/p>\n<p style=\"text-align: justify;\">Isabel Aguilar, vicealcaldesa y concejala de Patrimonio Cultural, anim\u00f3 a todas y todos los que a\u00fan no han visitado la exposici\u00f3n a hacerlo, ya que estamos a tan solo un mes de que se clausure<span style=\"font-size: 14.4px;\">.<\/span><\/p>\n<p style=\"text-align: center;\"><a class=\"jcepopup\" title=\"exposici\u00f3 Mem\u00f2ria de la modernitat\" href=\"https:\/\/alzira.es\/wp-content\/uploads\/2018\/02\/20180206_090001.jpg\" target=\"_blank\" rel=\"noopener\"><img fetchpriority=\"high\" decoding=\"async\" class=\" size-full wp-image-27592\" title=\"exposici\u00f3 Mem\u00f2ria de la modernitat\" src=\"https:\/\/alzira.es\/wp-content\/uploads\/2018\/02\/20180206_090001.jpg\" alt=\"20180206 090001\" width=\"600\" height=\"450\" srcset=\"https:\/\/alzira.es\/wp-content\/uploads\/2018\/02\/20180206_090001.jpg 1200w, https:\/\/alzira.es\/wp-content\/uploads\/2018\/02\/20180206_090001-680x510.jpg 680w, https:\/\/alzira.es\/wp-content\/uploads\/2018\/02\/20180206_090001-768x576.jpg 768w\" sizes=\"(max-width: 600px) 100vw, 600px\" \/><\/a><\/p>\n","protected":false},"excerpt":{"rendered":"<p>Alzira, 6 de febrero de 2018.- La concejal\u00eda de Patrimonio Cultural ha confeccionado cuatro imanes, con la reproducci\u00f3n de im\u00e1genes de los cuadros de la Diputaci\u00f3 expuestos en el MUMA, con motivo de la muestra \u00abMem\u00f2ria de la modernitat\u00bb, que fue inaugurada por el presidente de la Diputaci\u00f3, Jorge Rodr\u00edguez, el pasado 2 de noviembre, &hellip; <\/p>\n<p class=\"link-more\"><a href=\"https:\/\/alzira.es\/es\/l-ajuntament-d-alzira-des-de-la-regidoria-de-patrimoni-cultural-realitza-una-edicio-d-imans-amb-motius-de-l-exposicio-memoria-de-la-modernitat\/\" class=\"more-link\">Continuar leyendo<span class=\"screen-reader-text\"> \u00abEl Ayuntamiento de Alzira, desde la concejal\u00eda de Patrimonio Cultural realiza una edici\u00f3n de imanes con motivo de la exposici\u00f3n Mem\u00f2ria de la modernitat\u00bb<\/span><\/a><\/p>\n","protected":false},"author":29,"featured_media":27592,"comment_status":"","ping_status":"","sticky":false,"template":"","format":"standard","meta":{"_acf_changed":false,"footnotes":""},"categories":[1893],"tags":[],"class_list":["post-27595","post","type-post","status-publish","format-standard","has-post-thumbnail","hentry","category-hemeroteca"],"acf":[],"_links":{"self":[{"href":"https:\/\/alzira.es\/es\/wp-json\/wp\/v2\/posts\/27595","targetHints":{"allow":["GET"]}}],"collection":[{"href":"https:\/\/alzira.es\/es\/wp-json\/wp\/v2\/posts"}],"about":[{"href":"https:\/\/alzira.es\/es\/wp-json\/wp\/v2\/types\/post"}],"author":[{"embeddable":true,"href":"https:\/\/alzira.es\/es\/wp-json\/wp\/v2\/users\/29"}],"replies":[{"embeddable":true,"href":"https:\/\/alzira.es\/es\/wp-json\/wp\/v2\/comments?post=27595"}],"version-history":[{"count":0,"href":"https:\/\/alzira.es\/es\/wp-json\/wp\/v2\/posts\/27595\/revisions"}],"wp:featuredmedia":[{"embeddable":true,"href":"https:\/\/alzira.es\/es\/wp-json\/wp\/v2\/media\/27592"}],"wp:attachment":[{"href":"https:\/\/alzira.es\/es\/wp-json\/wp\/v2\/media?parent=27595"}],"wp:term":[{"taxonomy":"category","embeddable":true,"href":"https:\/\/alzira.es\/es\/wp-json\/wp\/v2\/categories?post=27595"},{"taxonomy":"post_tag","embeddable":true,"href":"https:\/\/alzira.es\/es\/wp-json\/wp\/v2\/tags?post=27595"}],"curies":[{"name":"wp","href":"https:\/\/api.w.org\/{rel}","templated":true}]}}