{"id":27589,"date":"2018-02-05T10:00:00","date_gmt":"2018-02-05T09:00:00","guid":{"rendered":"https:\/\/alzira.es\/duelo-oficial-desde-las-10-horas-del-dia-de-hoy\/"},"modified":"2018-02-05T10:00:00","modified_gmt":"2018-02-05T09:00:00","slug":"duelo-oficial-desde-las-10-horas-del-dia-de-hoy","status":"publish","type":"post","link":"https:\/\/alzira.es\/es\/duelo-oficial-desde-las-10-horas-del-dia-de-hoy\/","title":{"rendered":"Duelo oficial desde las 10 horas del d\u00eda de hoy"},"content":{"rendered":"<p style=\"text-align: center;\"><strong>EDICTO<\/strong><\/p>\n<p style=\"text-align: justify;\">El alcalde-presidente ha dictado, con fecha 5 de febrero de 2018, el siguiente Decreto n\u00famero 221\/2018, sobre declaraci\u00f3n de duelo oficial.<\/p>\n<p style=\"text-align: justify;\">Ante la conmoci\u00f3n producida por la muerte del joven alzire\u00f1o, Nacho Barber\u00e1 Exp\u00f3sito, ocurrida el pasado s\u00e1bado 3 de febrero de 2018, durante la celebraci\u00f3n en Ontinyent de un partido de f\u00fatbol del equipo Cadete B de la UD Alzira, la corporaci\u00f3n municipal que presido, inmersa en la m\u00e1s profunda desolaci\u00f3n, desea transmitir su apoyo y fortaleza para afrontar estos momentos tan dolorosos a sus familiares, y al mismo tiempo trasladarles nuestra m\u00e1s sentida condolencia.<\/p>\n<p style=\"text-align: justify;\">Por todo esto, en se\u00f1al de respeto y p\u00e9same, y en uso de las atribuciones que me otorga el art\u00edculo 21 de la Ley 7\/85, de 2 de abril, reguladora de las Bases de R\u00e9gimen Local, en los t\u00e9rminos en que ha sido modificada por la Ley 57\/2003, de 16 de diciembre, y el art\u00edculo 41 del vigente Reglamento de Organizaci\u00f3n, Funcionamiento y R\u00e9gimen Jur\u00eddico de las Entidades Locales, aprobado por el Real Decreto 2568\/86, de 28 de noviembre,<\/p>\n<p style=\"text-align: justify;\"><strong>RESUELVO<\/strong><\/p>\n<p style=\"text-align: justify; margin-left: 30px;\">1. Declarar duelo oficial desde las 10 horas del d\u00eda de hoy, 5 de febrero de 2018, hasta las 10 horas de ma\u00f1ana, 6 de febrero de 2018, y en este espacio de tiempo las banderas oficiales ondear\u00e1n a media asta.<\/p>\n<p style=\"text-align: justify; margin-left: 30px;\">2. Trasladar a los familiares el m\u00e1s sentido p\u00e9same de toda la corporaci\u00f3n municipal, as\u00ed como transmitir nuestro apoyo y fortaleza para afrontar estos momentos tan dolorosos, por la muerte de este joven que ha conmocionado a toda la ciudadan\u00eda de Alzira.<\/p>\n<p style=\"text-align: justify; margin-left: 30px;\">3. Comunicar la presente resoluci\u00f3n a los miembros de la corporaci\u00f3n municipal y darle la publicidad establecida.<\/p>\n<p style=\"text-align: justify; margin-left: 30px;\">4. Dar cuenta de la presente resoluci\u00f3n al Pleno del Ayuntamiento en la sesi\u00f3n que reglamentariamente sea procedente.<\/p>\n<p style=\"text-align: center;\">EL ALCALDE-PRESIDENTE<\/p>\n<p style=\"text-align: center;\">Diego G\u00f3mez Garc\u00eda<\/p>\n<p style=\"text-align: center;\">Alzira, 5 de febrero de 2018<\/p>\n","protected":false},"excerpt":{"rendered":"<p>EDICTO El alcalde-presidente ha dictado, con fecha 5 de febrero de 2018, el siguiente Decreto n\u00famero 221\/2018, sobre declaraci\u00f3n de duelo oficial. Ante la conmoci\u00f3n producida por la muerte del joven alzire\u00f1o, Nacho Barber\u00e1 Exp\u00f3sito, ocurrida el pasado s\u00e1bado 3 de febrero de 2018, durante la celebraci\u00f3n en Ontinyent de un partido de f\u00fatbol del &hellip; <\/p>\n<p class=\"link-more\"><a href=\"https:\/\/alzira.es\/es\/duelo-oficial-desde-las-10-horas-del-dia-de-hoy\/\" class=\"more-link\">Continuar leyendo<span class=\"screen-reader-text\"> \u00abDuelo oficial desde las 10 horas del d\u00eda de hoy\u00bb<\/span><\/a><\/p>\n","protected":false},"author":29,"featured_media":0,"comment_status":"","ping_status":"","sticky":false,"template":"","format":"standard","meta":{"_acf_changed":false,"footnotes":""},"categories":[1893],"tags":[],"class_list":["post-27589","post","type-post","status-publish","format-standard","hentry","category-hemeroteca"],"acf":[],"_links":{"self":[{"href":"https:\/\/alzira.es\/es\/wp-json\/wp\/v2\/posts\/27589","targetHints":{"allow":["GET"]}}],"collection":[{"href":"https:\/\/alzira.es\/es\/wp-json\/wp\/v2\/posts"}],"about":[{"href":"https:\/\/alzira.es\/es\/wp-json\/wp\/v2\/types\/post"}],"author":[{"embeddable":true,"href":"https:\/\/alzira.es\/es\/wp-json\/wp\/v2\/users\/29"}],"replies":[{"embeddable":true,"href":"https:\/\/alzira.es\/es\/wp-json\/wp\/v2\/comments?post=27589"}],"version-history":[{"count":0,"href":"https:\/\/alzira.es\/es\/wp-json\/wp\/v2\/posts\/27589\/revisions"}],"wp:attachment":[{"href":"https:\/\/alzira.es\/es\/wp-json\/wp\/v2\/media?parent=27589"}],"wp:term":[{"taxonomy":"category","embeddable":true,"href":"https:\/\/alzira.es\/es\/wp-json\/wp\/v2\/categories?post=27589"},{"taxonomy":"post_tag","embeddable":true,"href":"https:\/\/alzira.es\/es\/wp-json\/wp\/v2\/tags?post=27589"}],"curies":[{"name":"wp","href":"https:\/\/api.w.org\/{rel}","templated":true}]}}