{"id":27587,"date":"2018-02-03T10:19:36","date_gmt":"2018-02-03T09:19:36","guid":{"rendered":"https:\/\/alzira.es\/?p=27587"},"modified":"2018-02-03T10:19:36","modified_gmt":"2018-02-03T08:19:36","slug":"les-associacions-de-veins-d-alzira-celebren-el-mes-de-l-arbre","status":"publish","type":"post","link":"https:\/\/alzira.es\/es\/les-associacions-de-veins-d-alzira-celebren-el-mes-de-l-arbre\/","title":{"rendered":"Les associacions de ve\u00efns d\u2019Alzira celebren el mes de l\u2019arbre"},"content":{"rendered":"<p style=\"text-align: justify;\">Alzira, 3 de febrer 2018.- Les associacions de ve\u00efns d&#8217;Alzira, amb la col\u2022laboraci\u00f3 de les regidories de Gesti\u00f3 urban\u00edstica i de Participaci\u00f3 Ciutadana, celebren el mes de l&#8217;arbre. Durant cada mat\u00ed de dissabte d&#8217;este mes de febrer es realitzaran diverses activiats per tal de plantar arbres en distints punts de la ciutat.<\/p>\n<p>Este mat\u00ed s&#8217;han realitzat les primeres activitats al barri de Les Basses, on els seus ve\u00efns i ve\u00efnes han plantat 15 arbres, d&#8217;esp\u00e8cies aut\u00f2ctones, en els zones verdes d&#8217;esta barriada.<\/p>\n<p>El regidor de Gesti\u00f3 Urban\u00edstica, Fernando Pascual, ha compartit la jornada de hui amb els components de l&#8217;associaci\u00f3 de ve\u00efns de Les Basses als quals vol agrair la seua col\u00b7laboraci\u00f3 i predisposici\u00f3<span style=\"font-size: 14.4px;\">.<\/span><\/p>\n<p style=\"text-align: center;\"><a class=\"jcepopup\" title=\"Les associacions de ve\u00efns d\u2019Alzira celebren el mes de l\u2019arbre\" href=\"https:\/\/alzira.es\/wp-content\/uploads\/2018\/02\/27336484_1605576216189211_5532836775712751684_n.jpg\" target=\"_blank\" rel=\"noopener\"><img fetchpriority=\"high\" decoding=\"async\" class=\" size-full wp-image-27571\" title=\"Les associacions de ve\u00efns d\u2019Alzira celebren el mes de l\u2019arbre\" src=\"https:\/\/alzira.es\/wp-content\/uploads\/2018\/02\/27336484_1605576216189211_5532836775712751684_n.jpg\" alt=\"27336484 1605576216189211 5532836775712751684 n\" width=\"265\" height=\"199\" srcset=\"https:\/\/alzira.es\/wp-content\/uploads\/2018\/02\/27336484_1605576216189211_5532836775712751684_n.jpg 960w, https:\/\/alzira.es\/wp-content\/uploads\/2018\/02\/27336484_1605576216189211_5532836775712751684_n-680x510.jpg 680w, https:\/\/alzira.es\/wp-content\/uploads\/2018\/02\/27336484_1605576216189211_5532836775712751684_n-768x576.jpg 768w\" sizes=\"(max-width: 265px) 100vw, 265px\" \/><\/a>&nbsp;<a class=\"jcepopup\" style=\"font-size: 14.4px; text-align: center;\" title=\"Les associacions de ve\u00efns d\u2019Alzira celebren el mes de l\u2019arbre\" type=\"image\" href=\"https:\/\/alzira.es\/wp-content\/uploads\/2018\/02\/27336582_1605575922855907_9088908733757307886_n.jpg\" target=\"_blank\" rel=\"noopener\"><img decoding=\"async\" class=\"size-full wp-image-27574 lazyload\" title=\"Les associacions de ve\u00efns d\u2019Alzira celebren el mes de l\u2019arbre\" data-src=\"https:\/\/alzira.es\/wp-content\/uploads\/2018\/02\/27336582_1605575922855907_9088908733757307886_n.jpg\" alt=\"27336582 1605575922855907 9088908733757307886 n\" width=\"265\" height=\"199\" data-srcset=\"https:\/\/alzira.es\/wp-content\/uploads\/2018\/02\/27336582_1605575922855907_9088908733757307886_n.jpg 960w, https:\/\/alzira.es\/wp-content\/uploads\/2018\/02\/27336582_1605575922855907_9088908733757307886_n-680x510.jpg 680w, https:\/\/alzira.es\/wp-content\/uploads\/2018\/02\/27336582_1605575922855907_9088908733757307886_n-768x576.jpg 768w\" data-sizes=\"(max-width: 265px) 100vw, 265px\" src=\"data:image\/svg+xml;base64,PHN2ZyB3aWR0aD0iMSIgaGVpZ2h0PSIxIiB4bWxucz0iaHR0cDovL3d3dy53My5vcmcvMjAwMC9zdmciPjwvc3ZnPg==\" style=\"--smush-placeholder-width: 265px; --smush-placeholder-aspect-ratio: 265\/199;\" \/><\/a>&nbsp;<a class=\"jcepopup\" style=\"font-size: 14.4px; text-align: center;\" title=\"Les associacions de ve\u00efns d\u2019Alzira celebren el mes de l\u2019arbre\" type=\"image\" href=\"https:\/\/alzira.es\/wp-content\/uploads\/2018\/02\/27337303_1605576322855867_1208623786027503764_n.jpg\" target=\"_blank\" rel=\"noopener\"><img decoding=\"async\" class=\"size-full wp-image-27576 lazyload\" title=\"Les associacions de ve\u00efns d\u2019Alzira celebren el mes de l\u2019arbre\" data-src=\"https:\/\/alzira.es\/wp-content\/uploads\/2018\/02\/27337303_1605576322855867_1208623786027503764_n.jpg\" alt=\"27337303 1605576322855867 1208623786027503764 n\" width=\"265\" height=\"199\" data-srcset=\"https:\/\/alzira.es\/wp-content\/uploads\/2018\/02\/27337303_1605576322855867_1208623786027503764_n.jpg 960w, https:\/\/alzira.es\/wp-content\/uploads\/2018\/02\/27337303_1605576322855867_1208623786027503764_n-680x510.jpg 680w, https:\/\/alzira.es\/wp-content\/uploads\/2018\/02\/27337303_1605576322855867_1208623786027503764_n-768x576.jpg 768w\" data-sizes=\"(max-width: 265px) 100vw, 265px\" src=\"data:image\/svg+xml;base64,PHN2ZyB3aWR0aD0iMSIgaGVpZ2h0PSIxIiB4bWxucz0iaHR0cDovL3d3dy53My5vcmcvMjAwMC9zdmciPjwvc3ZnPg==\" style=\"--smush-placeholder-width: 265px; --smush-placeholder-aspect-ratio: 265\/199;\" \/><\/a><\/p>\n<p style=\"text-align: center;\"><a class=\"jcepopup\" style=\"font-size: 14.4px; text-align: center;\" title=\"Les associacions de ve\u00efns d\u2019Alzira celebren el mes de l\u2019arbre\" type=\"image\" href=\"https:\/\/alzira.es\/wp-content\/uploads\/2018\/02\/27459280_1605576116189221_4122044353416511227_n.jpg\" target=\"_blank\" rel=\"noopener\"><img decoding=\"async\" class=\"size-full wp-image-27578 lazyload\" title=\"Les associacions de ve\u00efns d\u2019Alzira celebren el mes de l\u2019arbre\" data-src=\"https:\/\/alzira.es\/wp-content\/uploads\/2018\/02\/27459280_1605576116189221_4122044353416511227_n.jpg\" alt=\"27459280 1605576116189221 4122044353416511227 n\" width=\"265\" height=\"199\" data-srcset=\"https:\/\/alzira.es\/wp-content\/uploads\/2018\/02\/27459280_1605576116189221_4122044353416511227_n.jpg 960w, https:\/\/alzira.es\/wp-content\/uploads\/2018\/02\/27459280_1605576116189221_4122044353416511227_n-680x510.jpg 680w, https:\/\/alzira.es\/wp-content\/uploads\/2018\/02\/27459280_1605576116189221_4122044353416511227_n-768x576.jpg 768w\" data-sizes=\"(max-width: 265px) 100vw, 265px\" src=\"data:image\/svg+xml;base64,PHN2ZyB3aWR0aD0iMSIgaGVpZ2h0PSIxIiB4bWxucz0iaHR0cDovL3d3dy53My5vcmcvMjAwMC9zdmciPjwvc3ZnPg==\" style=\"--smush-placeholder-width: 265px; --smush-placeholder-aspect-ratio: 265\/199;\" \/><\/a>&nbsp;<a class=\"jcepopup\" style=\"font-size: 14.4px; text-align: center;\" title=\"Les associacions de ve\u00efns d\u2019Alzira celebren el mes de l\u2019arbre\" type=\"image\" href=\"https:\/\/alzira.es\/wp-content\/uploads\/2018\/02\/27459569_1605575879522578_5112489975212618798_n.jpg\" target=\"_blank\" rel=\"noopener\"><img decoding=\"async\" class=\"size-full wp-image-27580 lazyload\" title=\"Les associacions de ve\u00efns d\u2019Alzira celebren el mes de l\u2019arbre\" data-src=\"https:\/\/alzira.es\/wp-content\/uploads\/2018\/02\/27459569_1605575879522578_5112489975212618798_n.jpg\" alt=\"27459569 1605575879522578 5112489975212618798 n\" width=\"149\" height=\"199\" data-srcset=\"https:\/\/alzira.es\/wp-content\/uploads\/2018\/02\/27459569_1605575879522578_5112489975212618798_n.jpg 720w, https:\/\/alzira.es\/wp-content\/uploads\/2018\/02\/27459569_1605575879522578_5112489975212618798_n-383x510.jpg 383w\" data-sizes=\"(max-width: 149px) 100vw, 149px\" src=\"data:image\/svg+xml;base64,PHN2ZyB3aWR0aD0iMSIgaGVpZ2h0PSIxIiB4bWxucz0iaHR0cDovL3d3dy53My5vcmcvMjAwMC9zdmciPjwvc3ZnPg==\" style=\"--smush-placeholder-width: 149px; --smush-placeholder-aspect-ratio: 149\/199;\" \/><\/a>&nbsp;<a class=\"jcepopup\" style=\"font-size: 14.4px; text-align: center;\" title=\"Les associacions de ve\u00efns d\u2019Alzira celebren el mes de l\u2019arbre\" type=\"image\" href=\"https:\/\/alzira.es\/wp-content\/uploads\/2018\/02\/27654917_1605575716189261_1671077438885901039_n.jpg\" target=\"_blank\" rel=\"noopener\"><img decoding=\"async\" class=\"size-full wp-image-27582 lazyload\" title=\"Les associacions de ve\u00efns d\u2019Alzira celebren el mes de l\u2019arbre\" data-src=\"https:\/\/alzira.es\/wp-content\/uploads\/2018\/02\/27654917_1605575716189261_1671077438885901039_n.jpg\" alt=\"27654917 1605575716189261 1671077438885901039 n\" width=\"265\" height=\"199\" data-srcset=\"https:\/\/alzira.es\/wp-content\/uploads\/2018\/02\/27654917_1605575716189261_1671077438885901039_n.jpg 960w, https:\/\/alzira.es\/wp-content\/uploads\/2018\/02\/27654917_1605575716189261_1671077438885901039_n-680x510.jpg 680w, https:\/\/alzira.es\/wp-content\/uploads\/2018\/02\/27654917_1605575716189261_1671077438885901039_n-768x576.jpg 768w\" data-sizes=\"(max-width: 265px) 100vw, 265px\" src=\"data:image\/svg+xml;base64,PHN2ZyB3aWR0aD0iMSIgaGVpZ2h0PSIxIiB4bWxucz0iaHR0cDovL3d3dy53My5vcmcvMjAwMC9zdmciPjwvc3ZnPg==\" style=\"--smush-placeholder-width: 265px; --smush-placeholder-aspect-ratio: 265\/199;\" \/><\/a><\/p>\n","protected":false},"excerpt":{"rendered":"<p>Alzira, 3 de febrer 2018.- Les associacions de ve\u00efns d&#8217;Alzira, amb la col\u2022laboraci\u00f3 de les regidories de Gesti\u00f3 urban\u00edstica i de Participaci\u00f3 Ciutadana, celebren el mes de l&#8217;arbre. Durant cada mat\u00ed de dissabte d&#8217;este mes de febrer es realitzaran diverses activiats per tal de plantar arbres en distints punts de la ciutat. Este mat\u00ed s&#8217;han &hellip; <\/p>\n<p class=\"link-more\"><a href=\"https:\/\/alzira.es\/es\/les-associacions-de-veins-d-alzira-celebren-el-mes-de-l-arbre\/\" class=\"more-link\">Continuar leyendo<span class=\"screen-reader-text\"> \u00abLes associacions de ve\u00efns d\u2019Alzira celebren el mes de l\u2019arbre\u00bb<\/span><\/a><\/p>\n","protected":false},"author":29,"featured_media":27571,"comment_status":"","ping_status":"","sticky":false,"template":"","format":"standard","meta":{"_acf_changed":false,"footnotes":""},"categories":[],"tags":[],"class_list":["post-27587","post","type-post","status-publish","format-standard","has-post-thumbnail","hentry"],"acf":[],"_links":{"self":[{"href":"https:\/\/alzira.es\/es\/wp-json\/wp\/v2\/posts\/27587","targetHints":{"allow":["GET"]}}],"collection":[{"href":"https:\/\/alzira.es\/es\/wp-json\/wp\/v2\/posts"}],"about":[{"href":"https:\/\/alzira.es\/es\/wp-json\/wp\/v2\/types\/post"}],"author":[{"embeddable":true,"href":"https:\/\/alzira.es\/es\/wp-json\/wp\/v2\/users\/29"}],"replies":[{"embeddable":true,"href":"https:\/\/alzira.es\/es\/wp-json\/wp\/v2\/comments?post=27587"}],"version-history":[{"count":0,"href":"https:\/\/alzira.es\/es\/wp-json\/wp\/v2\/posts\/27587\/revisions"}],"wp:featuredmedia":[{"embeddable":true,"href":"https:\/\/alzira.es\/es\/wp-json\/wp\/v2\/media\/27571"}],"wp:attachment":[{"href":"https:\/\/alzira.es\/es\/wp-json\/wp\/v2\/media?parent=27587"}],"wp:term":[{"taxonomy":"category","embeddable":true,"href":"https:\/\/alzira.es\/es\/wp-json\/wp\/v2\/categories?post=27587"},{"taxonomy":"post_tag","embeddable":true,"href":"https:\/\/alzira.es\/es\/wp-json\/wp\/v2\/tags?post=27587"}],"curies":[{"name":"wp","href":"https:\/\/api.w.org\/{rel}","templated":true}]}}