{"id":27567,"date":"2018-02-02T18:43:16","date_gmt":"2018-02-02T17:43:16","guid":{"rendered":"https:\/\/alzira.es\/conselleria-aprova-definitivament-el-pla-especial-de-proteccio-de-la-vila\/"},"modified":"2018-02-02T18:43:16","modified_gmt":"2018-02-02T17:43:16","slug":"conselleria-aprova-definitivament-el-pla-especial-de-proteccio-de-la-vila","status":"publish","type":"post","link":"https:\/\/alzira.es\/es\/conselleria-aprova-definitivament-el-pla-especial-de-proteccio-de-la-vila\/","title":{"rendered":"Conselleria aprueba definitivamente el Plan Especial de Protecci\u00f3n de La Vila"},"content":{"rendered":"<p style=\"text-align: justify;\">Alzira, 2 de febrero 2018.- La Comisi\u00f3n Territorial de Urbanismo de Valencia, en sesi\u00f3n celebrada hoy mismo, ha aprobado definitivamente el Plan Especial de Protecci\u00f3n del Centro Hist\u00f3rico de la Ciudad de Alzira.<\/p>\n<p>A nivel urban\u00edstico, se trata de un acontecimiento que culmina los trabajos de m\u00e1s de una d\u00e9cada, dificultados por la larga tramitaci\u00f3n para obtener las aprobaciones sucesivas de las diferentes Administraciones Auton\u00f3micas y muy especialmente la del PATRICOVA, por tratarse de un \u00e1rea inundable.<\/p>\n<p>Con la aprobaci\u00f3n de este Plan Especial se reconoce el alto valor patrimonial de un conjunto hist\u00f3rico declarado Bien de Inter\u00e9s Cultural, se protegen y se delimitan sus inmuebles de alto inter\u00e9s cultural, se marcan las directrices de intervenci\u00f3n y se permite que las autorizaciones e intervenciones de edificaci\u00f3n se resuelvan desde Alzira, evitando as\u00ed los casi dos a\u00f1os que generalmente costaba tramitar un expediente de obras en este \u00e1mbito hist\u00f3rico.<\/p>\n<p>El acto de aprobaci\u00f3n ha sido presidido por el director general de Ordenaci\u00f3n del Territorio, Urbanismo y Paisaje, Jos\u00e9 Luis Ferrando, con la presencia de la concejala delegada de Planeamiento Urban\u00edstico, Sara Gar\u00e9s, que ha recibido las felicitaciones de la Comisi\u00f3n Territorial por la calidad y detalle de los trabajos realizados<span style=\"font-size: 14.4px;\">.<\/span><\/p>\n<p style=\"text-align: center;\"><a class=\"jcepopup\" title=\"Conselleria aprova definitivament el Pla Especial de Protecci\u00f3 de La Vila\" href=\"https:\/\/alzira.es\/wp-content\/uploads\/2018\/02\/IMG_20180202_102647.jpg\" target=\"_blank\" rel=\"noopener\"><img fetchpriority=\"high\" decoding=\"async\" class=\" size-full wp-image-27565\" title=\"Conselleria aprova definitivament el Pla Especial de Protecci\u00f3 de La Vila\" src=\"https:\/\/alzira.es\/wp-content\/uploads\/2018\/02\/IMG_20180202_102647.jpg\" alt=\"IMG 20180202 102647\" width=\"600\" height=\"450\" srcset=\"https:\/\/alzira.es\/wp-content\/uploads\/2018\/02\/IMG_20180202_102647.jpg 1200w, https:\/\/alzira.es\/wp-content\/uploads\/2018\/02\/IMG_20180202_102647-680x510.jpg 680w, https:\/\/alzira.es\/wp-content\/uploads\/2018\/02\/IMG_20180202_102647-768x576.jpg 768w\" sizes=\"(max-width: 600px) 100vw, 600px\" \/><\/a><\/p>\n","protected":false},"excerpt":{"rendered":"<p>Alzira, 2 de febrero 2018.- La Comisi\u00f3n Territorial de Urbanismo de Valencia, en sesi\u00f3n celebrada hoy mismo, ha aprobado definitivamente el Plan Especial de Protecci\u00f3n del Centro Hist\u00f3rico de la Ciudad de Alzira. A nivel urban\u00edstico, se trata de un acontecimiento que culmina los trabajos de m\u00e1s de una d\u00e9cada, dificultados por la larga tramitaci\u00f3n &hellip; <\/p>\n<p class=\"link-more\"><a href=\"https:\/\/alzira.es\/es\/conselleria-aprova-definitivament-el-pla-especial-de-proteccio-de-la-vila\/\" class=\"more-link\">Continuar leyendo<span class=\"screen-reader-text\"> \u00abConselleria aprueba definitivamente el Plan Especial de Protecci\u00f3n de La Vila\u00bb<\/span><\/a><\/p>\n","protected":false},"author":29,"featured_media":27565,"comment_status":"","ping_status":"","sticky":false,"template":"","format":"standard","meta":{"_acf_changed":false,"footnotes":""},"categories":[1893],"tags":[],"class_list":["post-27567","post","type-post","status-publish","format-standard","has-post-thumbnail","hentry","category-hemeroteca"],"acf":[],"_links":{"self":[{"href":"https:\/\/alzira.es\/es\/wp-json\/wp\/v2\/posts\/27567","targetHints":{"allow":["GET"]}}],"collection":[{"href":"https:\/\/alzira.es\/es\/wp-json\/wp\/v2\/posts"}],"about":[{"href":"https:\/\/alzira.es\/es\/wp-json\/wp\/v2\/types\/post"}],"author":[{"embeddable":true,"href":"https:\/\/alzira.es\/es\/wp-json\/wp\/v2\/users\/29"}],"replies":[{"embeddable":true,"href":"https:\/\/alzira.es\/es\/wp-json\/wp\/v2\/comments?post=27567"}],"version-history":[{"count":0,"href":"https:\/\/alzira.es\/es\/wp-json\/wp\/v2\/posts\/27567\/revisions"}],"wp:featuredmedia":[{"embeddable":true,"href":"https:\/\/alzira.es\/es\/wp-json\/wp\/v2\/media\/27565"}],"wp:attachment":[{"href":"https:\/\/alzira.es\/es\/wp-json\/wp\/v2\/media?parent=27567"}],"wp:term":[{"taxonomy":"category","embeddable":true,"href":"https:\/\/alzira.es\/es\/wp-json\/wp\/v2\/categories?post=27567"},{"taxonomy":"post_tag","embeddable":true,"href":"https:\/\/alzira.es\/es\/wp-json\/wp\/v2\/tags?post=27567"}],"curies":[{"name":"wp","href":"https:\/\/api.w.org\/{rel}","templated":true}]}}