{"id":27539,"date":"2018-02-02T11:35:47","date_gmt":"2018-02-02T10:35:47","guid":{"rendered":"https:\/\/alzira.es\/l-ajuntament-d-alzira-transforma-les-restes-de-la-poda-dels-arbres-de-la-ciutat-per-a-elaborar-compost\/"},"modified":"2018-02-02T11:35:47","modified_gmt":"2018-02-02T10:35:47","slug":"l-ajuntament-d-alzira-transforma-les-restes-de-la-poda-dels-arbres-de-la-ciutat-per-a-elaborar-compost","status":"publish","type":"post","link":"https:\/\/alzira.es\/es\/l-ajuntament-d-alzira-transforma-les-restes-de-la-poda-dels-arbres-de-la-ciutat-per-a-elaborar-compost\/","title":{"rendered":"El Ayuntamiento de Alzira transforma las restos de la poda de los \u00e1rboles de la ciudad para elaborar compuesto"},"content":{"rendered":"<p style=\"text-align: justify;\">Alzira, 2 de febrero de 2018.- La concejal\u00eda de Gesti\u00f3n Urban\u00edstica del Ayuntamiento de Alzira con la supervisi\u00f3n del personal t\u00e9cnico de Zonas Verdes en el casco urbano, ha pasado a realizar las tareas oportunas para deshacer con una m\u00e1quina trituradora las restos producidos durante la temporada de poda de los \u00e1rboles de la ciudad, para despu\u00e9s elaborar un compuesto. Esta medida simplifica enormemente las tareas de jardiner\u00eda al evitar desplazamientos hasta el vertedero para la retirada de estos restos de arbolado.<\/p>\n<p>El concejal de Gesti\u00f3n Urban\u00edstica, Fernando Pascual, ha declarado que \u00abson numerosos los beneficios de esta medida, ya que el uso de los restos producidos de la poda habitual son \u00fatiles como almohadillado o compuesto, entre otras muchas ventajas, como por ejemplo; reducir la p\u00e9rdida de agua del suelo para que frene la evaporaci\u00f3n, mejora la absorci\u00f3n del agua al beneficiar la textura del suelo, tanto cuando llueve como cuando se produce el riego, tambi\u00e9n disminuye el crecimiento de las malas hierbas, mejora la calidad del suelo al incorporar materia org\u00e1nica con una aportaci\u00f3n de nutrientes naturales y, entonces, es un medio de protecci\u00f3n de las ra\u00edces frente a las temperaturas extremas (fr\u00edas y c\u00e1lidas)\u00bb .<\/p>\n<p>\u00c9stas son unas tareas que van realiz\u00e1ndose peri\u00f3dicamente, al llegar la \u00e9poca de poda en las diferentes especies de \u00e1rboles de la ciudad, con una m\u00e1quina especial para triturar los restos, con la intenci\u00f3n de aprovechar la materia delgada y con la finalidad de que este Ayuntamiento ponga en pr\u00e1ctica aquellas acciones orientadas a hacer de Alzira una ciudad concienciada con la naturaleza, la sostenibilidad, el reciclaje y cuidando, tanto como sea posible, del medio ambiente.<\/p>\n<p style=\"text-align: center;\"><a class=\"jcepopup\" title=\"L\u2019Ajuntament d\u2019Alzira transforma les restes de la poda dels arbres de la ciutat per a elaborar compost \" href=\"https:\/\/alzira.es\/wp-content\/uploads\/2018\/02\/27164312_968687073283960_541744548159533550_o.jpg\" target=\"_blank\" rel=\"noopener\"><img fetchpriority=\"high\" decoding=\"async\" class=\" size-full wp-image-27534\" title=\"L\u2019Ajuntament d\u2019Alzira transforma les restes de la poda dels arbres de la ciutat per a elaborar compost \" src=\"https:\/\/alzira.es\/wp-content\/uploads\/2018\/02\/27164312_968687073283960_541744548159533550_o.jpg\" alt=\"27164312 968687073283960 541744548159533550 o\" width=\"400\" height=\"225\" srcset=\"https:\/\/alzira.es\/wp-content\/uploads\/2018\/02\/27164312_968687073283960_541744548159533550_o.jpg 1600w, https:\/\/alzira.es\/wp-content\/uploads\/2018\/02\/27164312_968687073283960_541744548159533550_o-680x383.jpg 680w, https:\/\/alzira.es\/wp-content\/uploads\/2018\/02\/27164312_968687073283960_541744548159533550_o-1430x804.jpg 1430w, https:\/\/alzira.es\/wp-content\/uploads\/2018\/02\/27164312_968687073283960_541744548159533550_o-768x432.jpg 768w, https:\/\/alzira.es\/wp-content\/uploads\/2018\/02\/27164312_968687073283960_541744548159533550_o-1536x864.jpg 1536w\" sizes=\"(max-width: 400px) 100vw, 400px\" \/><\/a>&nbsp;<a class=\"jcepopup\" style=\"font-size: 14.4px; text-align: center;\" title=\"L\u2019Ajuntament d\u2019Alzira transforma les restes de la poda dels arbres de la ciutat per a elaborar compost \" type=\"image\" href=\"https:\/\/alzira.es\/wp-content\/uploads\/2018\/02\/27356103_968687069950627_5359654557521591153_o.jpg\" target=\"_blank\" rel=\"noopener\"><img decoding=\"async\" class=\"size-full wp-image-27536 lazyload\" title=\"L\u2019Ajuntament d\u2019Alzira transforma les restes de la poda dels arbres de la ciutat per a elaborar compost \" data-src=\"https:\/\/alzira.es\/wp-content\/uploads\/2018\/02\/27356103_968687069950627_5359654557521591153_o.jpg\" alt=\"27356103 968687069950627 5359654557521591153 o\" width=\"400\" height=\"225\" data-srcset=\"https:\/\/alzira.es\/wp-content\/uploads\/2018\/02\/27356103_968687069950627_5359654557521591153_o.jpg 1600w, https:\/\/alzira.es\/wp-content\/uploads\/2018\/02\/27356103_968687069950627_5359654557521591153_o-680x383.jpg 680w, https:\/\/alzira.es\/wp-content\/uploads\/2018\/02\/27356103_968687069950627_5359654557521591153_o-1430x804.jpg 1430w, https:\/\/alzira.es\/wp-content\/uploads\/2018\/02\/27356103_968687069950627_5359654557521591153_o-768x432.jpg 768w, https:\/\/alzira.es\/wp-content\/uploads\/2018\/02\/27356103_968687069950627_5359654557521591153_o-1536x864.jpg 1536w\" data-sizes=\"(max-width: 400px) 100vw, 400px\" src=\"data:image\/svg+xml;base64,PHN2ZyB3aWR0aD0iMSIgaGVpZ2h0PSIxIiB4bWxucz0iaHR0cDovL3d3dy53My5vcmcvMjAwMC9zdmciPjwvc3ZnPg==\" style=\"--smush-placeholder-width: 400px; --smush-placeholder-aspect-ratio: 400\/225;\" \/><\/a><\/p>\n","protected":false},"excerpt":{"rendered":"<p>Alzira, 2 de febrero de 2018.- La concejal\u00eda de Gesti\u00f3n Urban\u00edstica del Ayuntamiento de Alzira con la supervisi\u00f3n del personal t\u00e9cnico de Zonas Verdes en el casco urbano, ha pasado a realizar las tareas oportunas para deshacer con una m\u00e1quina trituradora las restos producidos durante la temporada de poda de los \u00e1rboles de la ciudad, &hellip; <\/p>\n<p class=\"link-more\"><a href=\"https:\/\/alzira.es\/es\/l-ajuntament-d-alzira-transforma-les-restes-de-la-poda-dels-arbres-de-la-ciutat-per-a-elaborar-compost\/\" class=\"more-link\">Continuar leyendo<span class=\"screen-reader-text\"> \u00abEl Ayuntamiento de Alzira transforma las restos de la poda de los \u00e1rboles de la ciudad para elaborar compuesto\u00bb<\/span><\/a><\/p>\n","protected":false},"author":29,"featured_media":27534,"comment_status":"","ping_status":"","sticky":false,"template":"","format":"standard","meta":{"_acf_changed":false,"footnotes":""},"categories":[1893],"tags":[],"class_list":["post-27539","post","type-post","status-publish","format-standard","has-post-thumbnail","hentry","category-hemeroteca"],"acf":[],"_links":{"self":[{"href":"https:\/\/alzira.es\/es\/wp-json\/wp\/v2\/posts\/27539","targetHints":{"allow":["GET"]}}],"collection":[{"href":"https:\/\/alzira.es\/es\/wp-json\/wp\/v2\/posts"}],"about":[{"href":"https:\/\/alzira.es\/es\/wp-json\/wp\/v2\/types\/post"}],"author":[{"embeddable":true,"href":"https:\/\/alzira.es\/es\/wp-json\/wp\/v2\/users\/29"}],"replies":[{"embeddable":true,"href":"https:\/\/alzira.es\/es\/wp-json\/wp\/v2\/comments?post=27539"}],"version-history":[{"count":0,"href":"https:\/\/alzira.es\/es\/wp-json\/wp\/v2\/posts\/27539\/revisions"}],"wp:featuredmedia":[{"embeddable":true,"href":"https:\/\/alzira.es\/es\/wp-json\/wp\/v2\/media\/27534"}],"wp:attachment":[{"href":"https:\/\/alzira.es\/es\/wp-json\/wp\/v2\/media?parent=27539"}],"wp:term":[{"taxonomy":"category","embeddable":true,"href":"https:\/\/alzira.es\/es\/wp-json\/wp\/v2\/categories?post=27539"},{"taxonomy":"post_tag","embeddable":true,"href":"https:\/\/alzira.es\/es\/wp-json\/wp\/v2\/tags?post=27539"}],"curies":[{"name":"wp","href":"https:\/\/api.w.org\/{rel}","templated":true}]}}