{"id":27509,"date":"2018-02-01T14:42:58","date_gmt":"2018-02-01T13:42:58","guid":{"rendered":"https:\/\/alzira.es\/alzira-participa-en-el-projecte-europeu-act-in-time-per-a-millorar-l-acces-al-treball-i-el-proces-d-integracio-social-de-refugiats-i-migrants\/"},"modified":"2018-02-01T14:42:58","modified_gmt":"2018-02-01T13:42:58","slug":"alzira-participa-en-el-projecte-europeu-act-in-time-per-a-millorar-l-acces-al-treball-i-el-proces-d-integracio-social-de-refugiats-i-migrants","status":"publish","type":"post","link":"https:\/\/alzira.es\/es\/alzira-participa-en-el-projecte-europeu-act-in-time-per-a-millorar-l-acces-al-treball-i-el-proces-d-integracio-social-de-refugiats-i-migrants\/","title":{"rendered":"Alzira participa en el proyecto europeo Act in Time para mejorar el acceso al trabajo y el proceso de integraci\u00f3n social de refugiados e inmigrantes"},"content":{"rendered":"<p style=\"text-align: justify;\">Alzira, 1 de febrero del 2018. El Ayuntamiento de Alzira, a trav\u00e9s de la concejal\u00eda de Desarrollo Econ\u00f3mico, Trabajo y Proyectos Europeos, participar\u00e1 en el proyecto europeo Act in Time, junto con otras instituciones valencianas, especialmente ONG y otros Ayuntamientos, como el de X\u00e0tiva y Paterna. El objetivo de \u00e9ste es el acceso al trabajo y el proceso de integraci\u00f3n social de refugiados.<\/p>\n<p style=\"text-align: justify;\">Este proyecto desarrolla una serie de acciones de b\u00fasqueda y un curso de formaci\u00f3n de 60 horas para refugiados e inmigrantes, que se impartir\u00e1 de manera gratuita en el Centro Espec\u00edfico de Educaci\u00f3n a Distancia (UNED) y que empezar\u00e1 el pr\u00f3ximo 26 de febrero.<\/p>\n<p style=\"text-align: justify;\">Seg\u00fan ha explicado el concejal responsable de la Oficina de Proyectos Europeos de IDEA, Iv\u00e1n Mart\u00ednez: \u00abEl curso de formaci\u00f3n se prolongar\u00e1 durante 2 semanas e incluye una formaci\u00f3n en herramientas online para b\u00fasqueda de trabajo, formaci\u00f3n ling\u00fc\u00edstica para el \u00e1mbito profesional, desarrollo de la competencia digital, un m\u00f3dulo para emprender, t\u00e9cnicas para mejorar el curr\u00edculo, buen uso de las redes sociales y una formaci\u00f3n profesional de 20 horas en el campo de Turismo y Comercio.\u00bb<\/p>\n<p style=\"text-align: justify;\">Los participantes en este curso son refugiados e inmigrantes pertenecientes a organizaciones como Fundaci\u00f3n CEPAIM; CAR Mislata, CEAR, Servicio Jesuita de Inmigrantes, ACCEM, C\u00e1ritas, Ayuntamiento de Alzira, X\u00e0tiva i Paterna, entre otros.<\/p>\n<p style=\"text-align: justify;\">Todos los participantes que superen con \u00e9xito el curso de formaci\u00f3n podr\u00e1n empezar un per\u00edodo de pr\u00e1cticas laborales en empresas con una duraci\u00f3n de 150 horas.<br \/>Los 9 socios que componen el proyecto Act in Time pertenecen a Italia, B\u00e9lgica, Francia, Espa\u00f1a, Suecia, Croacia, Alemania, Portugal y \u00c0ustria.<\/p>\n<p style=\"text-align: center;\"><a class=\"jcepopup\" title=\"projecte europeu Act in Time\" href=\"https:\/\/alzira.es\/wp-content\/uploads\/2016\/11\/IMG_4366.jpg\" target=\"_blank\" rel=\"noopener\"><img fetchpriority=\"high\" decoding=\"async\" class=\" size-full wp-image-19495\" title=\"projecte europeu Act in Time\" src=\"https:\/\/alzira.es\/wp-content\/uploads\/2016\/11\/IMG_4366.jpg\" alt=\"IMG 4366\" width=\"600\" height=\"400\" \/><\/a><\/p>\n","protected":false},"excerpt":{"rendered":"<p>Alzira, 1 de febrero del 2018. El Ayuntamiento de Alzira, a trav\u00e9s de la concejal\u00eda de Desarrollo Econ\u00f3mico, Trabajo y Proyectos Europeos, participar\u00e1 en el proyecto europeo Act in Time, junto con otras instituciones valencianas, especialmente ONG y otros Ayuntamientos, como el de X\u00e0tiva y Paterna. El objetivo de \u00e9ste es el acceso al trabajo &hellip; <\/p>\n<p class=\"link-more\"><a href=\"https:\/\/alzira.es\/es\/alzira-participa-en-el-projecte-europeu-act-in-time-per-a-millorar-l-acces-al-treball-i-el-proces-d-integracio-social-de-refugiats-i-migrants\/\" class=\"more-link\">Continuar leyendo<span class=\"screen-reader-text\"> \u00abAlzira participa en el proyecto europeo Act in Time para mejorar el acceso al trabajo y el proceso de integraci\u00f3n social de refugiados e inmigrantes\u00bb<\/span><\/a><\/p>\n","protected":false},"author":29,"featured_media":19495,"comment_status":"","ping_status":"","sticky":false,"template":"","format":"standard","meta":{"_acf_changed":false,"footnotes":""},"categories":[1893],"tags":[],"class_list":["post-27509","post","type-post","status-publish","format-standard","has-post-thumbnail","hentry","category-hemeroteca"],"acf":[],"_links":{"self":[{"href":"https:\/\/alzira.es\/es\/wp-json\/wp\/v2\/posts\/27509","targetHints":{"allow":["GET"]}}],"collection":[{"href":"https:\/\/alzira.es\/es\/wp-json\/wp\/v2\/posts"}],"about":[{"href":"https:\/\/alzira.es\/es\/wp-json\/wp\/v2\/types\/post"}],"author":[{"embeddable":true,"href":"https:\/\/alzira.es\/es\/wp-json\/wp\/v2\/users\/29"}],"replies":[{"embeddable":true,"href":"https:\/\/alzira.es\/es\/wp-json\/wp\/v2\/comments?post=27509"}],"version-history":[{"count":0,"href":"https:\/\/alzira.es\/es\/wp-json\/wp\/v2\/posts\/27509\/revisions"}],"wp:featuredmedia":[{"embeddable":true,"href":"https:\/\/alzira.es\/es\/wp-json\/wp\/v2\/media\/19495"}],"wp:attachment":[{"href":"https:\/\/alzira.es\/es\/wp-json\/wp\/v2\/media?parent=27509"}],"wp:term":[{"taxonomy":"category","embeddable":true,"href":"https:\/\/alzira.es\/es\/wp-json\/wp\/v2\/categories?post=27509"},{"taxonomy":"post_tag","embeddable":true,"href":"https:\/\/alzira.es\/es\/wp-json\/wp\/v2\/tags?post=27509"}],"curies":[{"name":"wp","href":"https:\/\/api.w.org\/{rel}","templated":true}]}}