{"id":27505,"date":"2018-02-01T14:35:20","date_gmt":"2018-02-01T13:35:20","guid":{"rendered":"https:\/\/alzira.es\/l-ajuntament-d-alzira-ha-aprovat-participar-en-el-projecte-del-cifp-luis-suner-per-a-la-creacio-d-una-passivhauss-i-un-eco-hort-urbans\/"},"modified":"2018-02-01T14:35:20","modified_gmt":"2018-02-01T13:35:20","slug":"l-ajuntament-d-alzira-ha-aprovat-participar-en-el-projecte-del-cifp-luis-suner-per-a-la-creacio-d-una-passivhauss-i-un-eco-hort-urbans","status":"publish","type":"post","link":"https:\/\/alzira.es\/es\/l-ajuntament-d-alzira-ha-aprovat-participar-en-el-projecte-del-cifp-luis-suner-per-a-la-creacio-d-una-passivhauss-i-un-eco-hort-urbans\/","title":{"rendered":"El Ayuntamiento de Alzira ha aprobado participar en el proyecto del CIFP Luis Su\u00f1er para la creaci\u00f3n de una Passivhauss y un eco-huerto urbano"},"content":{"rendered":"<p style=\"text-align: justify;\">Alzira, 1 de febrero del 2018. El Ayuntamiento de Alzira, por medio de la concejal\u00eda de Desarrollo Econ\u00f3mico, Trabajo y Proyectos Europeos, da apoyo al proyecto del Centro Integral P\u00fablico de Formaci\u00f3n Profesional Luis Su\u00f1er para la creaci\u00f3n de una Passivhauss (un edificio con un nivel de eficiencia energ\u00e9tica elevado) y un eco-huerto. Este convenio que ha aprobado el pleno del Ayuntamiento del pasado mes de enero involucra a varias entidades p\u00fablicas, y pretende ser un punto de referencia econ\u00f3micamente sostenible, adem\u00e1s de ser un proyecto con una vertiente innovadora desde el punto de vista educativo, ambiental y social para las especialidades del alumnado del centro de Formaci\u00f3n Profesional pero tambi\u00e9n de IDEA. El proyecto tiene una duraci\u00f3n de tres a\u00f1os y el Ayuntamiento de Alzira se har\u00e1 cargo de una tercera parte de la financiaci\u00f3n, estimado en 29.000 euros.<\/p>\n<p style=\"text-align: justify;\">El concejal del \u00e1rea, Iv\u00e1n Mart\u00ednez, ha agradecido en nombre del Ayuntamiento el apoyo de instituciones y de la corporaci\u00f3n a este proyecto. Seg\u00fan ha se\u00f1alado: \u00abRecordamos que desde IDEA y el CIPFP Luis Su\u00f1er estamos desarrollando acciones conjuntas de formaci\u00f3n, ocupaci\u00f3n y proyectos europeos. Este a\u00f1o, dentro del Plan juvenil Formaci\u00f3n+Empleo, un total de 10 j\u00f3venes desempleados\/as est\u00e1n realizando contratos durante un a\u00f1o en el Ayuntamiento que contemplan la formaci\u00f3n complementaria en varios m\u00f3dulos de FP. Igualmente, el centro formativo participa de los proyectos europeos para recibir voluntarios\/as europeos en sus instalaciones, as\u00ed como en los proyectos de movilidad europea promovidos por IDEA.\u00bb<\/p>\n<p style=\"text-align: center;\"><a class=\"jcepopup\" title=\"projecte del CIFP Luis Su\u00f1er\" href=\"https:\/\/alzira.es\/wp-content\/uploads\/2018\/02\/IMG_4378.jpg\" target=\"_blank\" rel=\"noopener\"><img fetchpriority=\"high\" decoding=\"async\" class=\" size-full wp-image-27503\" title=\"projecte del CIFP Luis Su\u00f1er\" src=\"https:\/\/alzira.es\/wp-content\/uploads\/2018\/02\/IMG_4378.jpg\" alt=\"IMG 4378\" width=\"600\" height=\"400\" \/><\/a><\/p>\n","protected":false},"excerpt":{"rendered":"<p>Alzira, 1 de febrero del 2018. El Ayuntamiento de Alzira, por medio de la concejal\u00eda de Desarrollo Econ\u00f3mico, Trabajo y Proyectos Europeos, da apoyo al proyecto del Centro Integral P\u00fablico de Formaci\u00f3n Profesional Luis Su\u00f1er para la creaci\u00f3n de una Passivhauss (un edificio con un nivel de eficiencia energ\u00e9tica elevado) y un eco-huerto. Este convenio &hellip; <\/p>\n<p class=\"link-more\"><a href=\"https:\/\/alzira.es\/es\/l-ajuntament-d-alzira-ha-aprovat-participar-en-el-projecte-del-cifp-luis-suner-per-a-la-creacio-d-una-passivhauss-i-un-eco-hort-urbans\/\" class=\"more-link\">Continuar leyendo<span class=\"screen-reader-text\"> \u00abEl Ayuntamiento de Alzira ha aprobado participar en el proyecto del CIFP Luis Su\u00f1er para la creaci\u00f3n de una Passivhauss y un eco-huerto urbano\u00bb<\/span><\/a><\/p>\n","protected":false},"author":29,"featured_media":27503,"comment_status":"","ping_status":"","sticky":false,"template":"","format":"standard","meta":{"_acf_changed":false,"footnotes":""},"categories":[1893],"tags":[],"class_list":["post-27505","post","type-post","status-publish","format-standard","has-post-thumbnail","hentry","category-hemeroteca"],"acf":[],"_links":{"self":[{"href":"https:\/\/alzira.es\/es\/wp-json\/wp\/v2\/posts\/27505","targetHints":{"allow":["GET"]}}],"collection":[{"href":"https:\/\/alzira.es\/es\/wp-json\/wp\/v2\/posts"}],"about":[{"href":"https:\/\/alzira.es\/es\/wp-json\/wp\/v2\/types\/post"}],"author":[{"embeddable":true,"href":"https:\/\/alzira.es\/es\/wp-json\/wp\/v2\/users\/29"}],"replies":[{"embeddable":true,"href":"https:\/\/alzira.es\/es\/wp-json\/wp\/v2\/comments?post=27505"}],"version-history":[{"count":0,"href":"https:\/\/alzira.es\/es\/wp-json\/wp\/v2\/posts\/27505\/revisions"}],"wp:featuredmedia":[{"embeddable":true,"href":"https:\/\/alzira.es\/es\/wp-json\/wp\/v2\/media\/27503"}],"wp:attachment":[{"href":"https:\/\/alzira.es\/es\/wp-json\/wp\/v2\/media?parent=27505"}],"wp:term":[{"taxonomy":"category","embeddable":true,"href":"https:\/\/alzira.es\/es\/wp-json\/wp\/v2\/categories?post=27505"},{"taxonomy":"post_tag","embeddable":true,"href":"https:\/\/alzira.es\/es\/wp-json\/wp\/v2\/tags?post=27505"}],"curies":[{"name":"wp","href":"https:\/\/api.w.org\/{rel}","templated":true}]}}