{"id":27481,"date":"2018-02-01T11:28:39","date_gmt":"2018-02-01T10:28:39","guid":{"rendered":"https:\/\/alzira.es\/el-servei-de-whatsapp-de-serveis-publics-rep-mes-de-800-missatges-en-els-seus-primers-tres-mesos\/"},"modified":"2018-02-01T11:28:39","modified_gmt":"2018-02-01T10:28:39","slug":"el-servei-de-whatsapp-de-serveis-publics-rep-mes-de-800-missatges-en-els-seus-primers-tres-mesos","status":"publish","type":"post","link":"https:\/\/alzira.es\/es\/el-servei-de-whatsapp-de-serveis-publics-rep-mes-de-800-missatges-en-els-seus-primers-tres-mesos\/","title":{"rendered":"El servicio de Whatsapp de Servicios P\u00fablicos recibe m\u00e1s de 800 mensajes en sus primeros tres meses"},"content":{"rendered":"<p style=\"text-align: justify;\">Alzira, 1 de febrero 2018.- En septiembre de 2017 el Ayuntamiento de Alzira, desde la concejal\u00eda de Servicios P\u00fablicos, puso en funcionamiento el servicio de Whatsapp. Un mecanismo de comunicaci\u00f3n r\u00e1pido y directo de la ciudadan\u00eda con el Ayuntamiento, con la finalidad de mejorar los servicios p\u00fablicos de manera \u00e1gil, c\u00f3moda y gratuita.<\/p>\n<p>La finalidad no es otra que la ciudadan\u00eda pueda comunicar las incidencias que detectan en la v\u00eda p\u00fablica, parques, jardines o limpieza, durante las 24 horas de los 365 d\u00edas del a\u00f1o, con un horario de respuesta del lunes a viernes, de 9 a 14 horas.<\/p>\n<p>Fernando Pascual, concejal del \u00e1rea, valora mucho la implantaci\u00f3n de este servicio de comunicaci\u00f3n, ya que los datos del 25 de septiembre al 31 de diciembre as\u00ed lo ponen de manifiesto.<\/p>\n<p>\u00abEn los tres primeros meses de funcionamiento el servicio de Whatsapp ha recibido 839 mensajes, de los cuales algunos tienen m\u00e1s de un tema en su reclamaci\u00f3n. Lo m\u00e1s importante y destacable es que se han solucionado el 98% de las peticiones y sugerencias del vecindario\u00bb, ha destacado Pascual.<\/p>\n<p>El n\u00famero de tel\u00e9fono para ponerse en contacto con el servicio de Whatsapp del departamento de Servicios P\u00fablicos es el 674761544.<\/p>\n<p style=\"text-align: center;\"><a class=\"jcepopup\" title=\"servei de Whatsapp de Serveis P\u00fablics\" href=\"https:\/\/alzira.es\/wp-content\/uploads\/2018\/02\/20180131_094216.jpg\" target=\"_blank\" rel=\"noopener\"><img fetchpriority=\"high\" decoding=\"async\" class=\" size-full wp-image-27479\" title=\"servei de Whatsapp de Serveis P\u00fablics\" src=\"https:\/\/alzira.es\/wp-content\/uploads\/2018\/02\/20180131_094216.jpg\" alt=\"20180131 094216\" width=\"600\" height=\"450\" srcset=\"https:\/\/alzira.es\/wp-content\/uploads\/2018\/02\/20180131_094216.jpg 1200w, https:\/\/alzira.es\/wp-content\/uploads\/2018\/02\/20180131_094216-680x510.jpg 680w, https:\/\/alzira.es\/wp-content\/uploads\/2018\/02\/20180131_094216-768x576.jpg 768w\" sizes=\"(max-width: 600px) 100vw, 600px\" \/><\/a><\/p>\n","protected":false},"excerpt":{"rendered":"<p>Alzira, 1 de febrero 2018.- En septiembre de 2017 el Ayuntamiento de Alzira, desde la concejal\u00eda de Servicios P\u00fablicos, puso en funcionamiento el servicio de Whatsapp. Un mecanismo de comunicaci\u00f3n r\u00e1pido y directo de la ciudadan\u00eda con el Ayuntamiento, con la finalidad de mejorar los servicios p\u00fablicos de manera \u00e1gil, c\u00f3moda y gratuita. La finalidad &hellip; <\/p>\n<p class=\"link-more\"><a href=\"https:\/\/alzira.es\/es\/el-servei-de-whatsapp-de-serveis-publics-rep-mes-de-800-missatges-en-els-seus-primers-tres-mesos\/\" class=\"more-link\">Continuar leyendo<span class=\"screen-reader-text\"> \u00abEl servicio de Whatsapp de Servicios P\u00fablicos recibe m\u00e1s de 800 mensajes en sus primeros tres meses\u00bb<\/span><\/a><\/p>\n","protected":false},"author":29,"featured_media":27479,"comment_status":"","ping_status":"","sticky":false,"template":"","format":"standard","meta":{"_acf_changed":false,"footnotes":""},"categories":[1893],"tags":[],"class_list":["post-27481","post","type-post","status-publish","format-standard","has-post-thumbnail","hentry","category-hemeroteca"],"acf":[],"_links":{"self":[{"href":"https:\/\/alzira.es\/es\/wp-json\/wp\/v2\/posts\/27481","targetHints":{"allow":["GET"]}}],"collection":[{"href":"https:\/\/alzira.es\/es\/wp-json\/wp\/v2\/posts"}],"about":[{"href":"https:\/\/alzira.es\/es\/wp-json\/wp\/v2\/types\/post"}],"author":[{"embeddable":true,"href":"https:\/\/alzira.es\/es\/wp-json\/wp\/v2\/users\/29"}],"replies":[{"embeddable":true,"href":"https:\/\/alzira.es\/es\/wp-json\/wp\/v2\/comments?post=27481"}],"version-history":[{"count":0,"href":"https:\/\/alzira.es\/es\/wp-json\/wp\/v2\/posts\/27481\/revisions"}],"wp:featuredmedia":[{"embeddable":true,"href":"https:\/\/alzira.es\/es\/wp-json\/wp\/v2\/media\/27479"}],"wp:attachment":[{"href":"https:\/\/alzira.es\/es\/wp-json\/wp\/v2\/media?parent=27481"}],"wp:term":[{"taxonomy":"category","embeddable":true,"href":"https:\/\/alzira.es\/es\/wp-json\/wp\/v2\/categories?post=27481"},{"taxonomy":"post_tag","embeddable":true,"href":"https:\/\/alzira.es\/es\/wp-json\/wp\/v2\/tags?post=27481"}],"curies":[{"name":"wp","href":"https:\/\/api.w.org\/{rel}","templated":true}]}}