{"id":27467,"date":"2018-01-31T18:32:15","date_gmt":"2018-01-31T17:32:15","guid":{"rendered":"https:\/\/alzira.es\/alzira-celebra-la-festa-de-l-arbre\/"},"modified":"2018-01-31T18:32:15","modified_gmt":"2018-01-31T17:32:15","slug":"alzira-celebra-la-festa-de-l-arbre","status":"publish","type":"post","link":"https:\/\/alzira.es\/es\/alzira-celebra-la-festa-de-l-arbre\/","title":{"rendered":"Alzira celebra la Fiesta del \u00c1rbol"},"content":{"rendered":"<p style=\"text-align: justify;\"><strong>Alzira, 31 de enero 2018.-<\/strong> La concejal\u00eda de Medio Ambiente del Ayuntamiento de Alzira ha organizado la Fiesta del \u00c1rbol con diferentes actividades programadas para los domingos 4 y 11 de febrero. Unas actividades que se enmarcan dentro de la celebraci\u00f3n del D\u00eda del \u00c1rbol que se conmemora cada 31 de enero.<\/p>\n<p style=\"text-align: justify;\">Este domingo 4 de febrero las actividades dar\u00e1n inicio a las 11 del ma\u00f1ana. El punto de encuentro es el Bar de la Muntanyeta desde donde se har\u00e1 una visita guiada por la Muntanyeta del Salvador, a cargo de Salvador I\u00f1igo, para conocer su patrimonio natural.<\/p>\n<p style=\"text-align: justify;\">As\u00ed tambi\u00e9n, domingo 11 de febrero, de 10 a 13 horas en el r\u00edo J\u00facar, entre el Pont de Ferro y el de Jos\u00e9 Pellicer, se realizar\u00e1 una repoblaci\u00f3n con vegetaci\u00f3n de ribera. A las 12 horas, tendr\u00e1 lugar una visita guiada para conocer la avifauna del r\u00edo y el malec\u00f3. El almuerzo ser\u00e1 a cargo del Ayuntamiento.<\/p>\n<p style=\"text-align: justify;\">Esta actividad cuenta con la colaboraci\u00f3n de la Fundaci\u00f3n Limne, Alzicoop Coop. V., La Granja de bitxos, Vacif, Cruz Roja Alzira e Interpreta Naturaleza.<\/p>\n<p style=\"text-align: center;\"><a class=\"jcepopup\" title=\"Alzira celebra la Festa de l\u2019Arbre\" href=\"https:\/\/alzira.es\/wp-content\/uploads\/2018\/01\/Festa_Arbre_2018.jpg\" target=\"_blank\" rel=\"noopener\"><img fetchpriority=\"high\" decoding=\"async\" class=\" size-full wp-image-27465\" title=\"Alzira celebra la Festa de l\u2019Arbre\" src=\"https:\/\/alzira.es\/wp-content\/uploads\/2018\/01\/Festa_Arbre_2018.jpg\" alt=\"Festa Arbre 2018\" width=\"800\" height=\"1452\" \/><\/a><\/p>\n","protected":false},"excerpt":{"rendered":"<p>Alzira, 31 de enero 2018.- La concejal\u00eda de Medio Ambiente del Ayuntamiento de Alzira ha organizado la Fiesta del \u00c1rbol con diferentes actividades programadas para los domingos 4 y 11 de febrero. Unas actividades que se enmarcan dentro de la celebraci\u00f3n del D\u00eda del \u00c1rbol que se conmemora cada 31 de enero. Este domingo 4 &hellip; <\/p>\n<p class=\"link-more\"><a href=\"https:\/\/alzira.es\/es\/alzira-celebra-la-festa-de-l-arbre\/\" class=\"more-link\">Continuar leyendo<span class=\"screen-reader-text\"> \u00abAlzira celebra la Fiesta del \u00c1rbol\u00bb<\/span><\/a><\/p>\n","protected":false},"author":29,"featured_media":27465,"comment_status":"","ping_status":"","sticky":false,"template":"","format":"standard","meta":{"_acf_changed":false,"footnotes":""},"categories":[1893],"tags":[],"class_list":["post-27467","post","type-post","status-publish","format-standard","has-post-thumbnail","hentry","category-hemeroteca"],"acf":[],"_links":{"self":[{"href":"https:\/\/alzira.es\/es\/wp-json\/wp\/v2\/posts\/27467","targetHints":{"allow":["GET"]}}],"collection":[{"href":"https:\/\/alzira.es\/es\/wp-json\/wp\/v2\/posts"}],"about":[{"href":"https:\/\/alzira.es\/es\/wp-json\/wp\/v2\/types\/post"}],"author":[{"embeddable":true,"href":"https:\/\/alzira.es\/es\/wp-json\/wp\/v2\/users\/29"}],"replies":[{"embeddable":true,"href":"https:\/\/alzira.es\/es\/wp-json\/wp\/v2\/comments?post=27467"}],"version-history":[{"count":0,"href":"https:\/\/alzira.es\/es\/wp-json\/wp\/v2\/posts\/27467\/revisions"}],"wp:featuredmedia":[{"embeddable":true,"href":"https:\/\/alzira.es\/es\/wp-json\/wp\/v2\/media\/27465"}],"wp:attachment":[{"href":"https:\/\/alzira.es\/es\/wp-json\/wp\/v2\/media?parent=27467"}],"wp:term":[{"taxonomy":"category","embeddable":true,"href":"https:\/\/alzira.es\/es\/wp-json\/wp\/v2\/categories?post=27467"},{"taxonomy":"post_tag","embeddable":true,"href":"https:\/\/alzira.es\/es\/wp-json\/wp\/v2\/tags?post=27467"}],"curies":[{"name":"wp","href":"https:\/\/api.w.org\/{rel}","templated":true}]}}