{"id":27314,"date":"2018-01-31T12:43:17","date_gmt":"2018-01-31T11:43:17","guid":{"rendered":"https:\/\/alzira.es\/la-tamborada-de-la-setmana-santa-d-alzira-afronta-la-recta-final-per-tal-de-ser-declarada-patrimoni-immaterial-cultural-de-la-humanitat-per-la-unesco\/"},"modified":"2018-01-31T12:43:17","modified_gmt":"2018-01-31T11:43:17","slug":"la-tamborada-de-la-setmana-santa-d-alzira-afronta-la-recta-final-per-tal-de-ser-declarada-patrimoni-immaterial-cultural-de-la-humanitat-per-la-unesco","status":"publish","type":"post","link":"https:\/\/alzira.es\/es\/la-tamborada-de-la-setmana-santa-d-alzira-afronta-la-recta-final-per-tal-de-ser-declarada-patrimoni-immaterial-cultural-de-la-humanitat-per-la-unesco\/","title":{"rendered":"La tamborada de la Semana Santa de Alzira afronta la recta final para ser declarada Patrimonio Inmaterial Cultural de la Humanidad por la Unesco"},"content":{"rendered":"<p style=\"text-align: justify;\"><strong>Alzira, 31 de enero 2018.-<\/strong> El presidente de la Junta de Hermandades y Cofrad\u00edas de la Semana Santa, Vicent F\u00e1bregues, se ha reunido con Isabel Aguilar, vicealcaldesa y concejala de Fiestas, continuando la ronda de reuniones que se est\u00e1 llevando adelante con las distintas entidades festivas de la ciudad de Alzira.<\/p>\n<p style=\"text-align: justify;\">La reuni\u00f3n ha servido para hablar de todos y cada uno de los actos que conforman la agenda de la Junta. Una agenda llena de acontecimientos, entre los que hay que destacar: la cena de confraternidad, que se celebrar\u00e1 el d\u00eda 2 de marzo; la asistencia al Encuentro Nacional de Tambores a la localidad murciana de Mula los d\u00edas 9, 10 y 11 de marzo; la tamborada local que tendr\u00e1 lugar el s\u00e1bado 14 de abril; as\u00ed como el acto que reunir\u00e1, el 28 de abril en nuestra ciudad, a las diecisiete poblaciones que forman el Consorcio del Tambor para realizar un acto en conjunto para que haga visible la candidatura de las diversas tamboradas a Patrimonio Cultural Inmaterial de la Humanidad por la Unesco.<\/p>\n<p style=\"text-align: justify;\">Isabel Aguilar ha apuntado al presidente de la Junta la posibilidad de realizar alg\u00fan acontecimiento que refuerce la candidatura de la tamborada de Alzira de cara al mes de noviembre, cuando se conocer\u00e1 el veredicto. La tamborada alzire\u00f1a es la \u00fanica de la provincia de Valencia que opta a ser Patrimonio de la Humanidad.<\/p>\n<p style=\"text-align: justify;\">\u00abLa perfecta sinton\u00eda con el presidente de la Junta de Hermandades y Cofrad\u00edas, Vicent F\u00e1bregues, facilita mucho poder llevar adelante todo tipo de entendimientos para seguir dando la relevancia que merece a nuestra Semana Santa, declarada desde marzo de 1988 Fiesta de Inter\u00e9s Tur\u00edstico Nacional\u00bb.<\/p>\n<p style=\"text-align: center;\"><a class=\"jcepopup\" title=\"La tamborada de la Setmana Santa d'Alzira afronta la recta final per tal de ser declarada Patrimoni Immaterial Cultural de la Humanitat per la Unesco\" href=\"https:\/\/alzira.es\/wp-content\/uploads\/2018\/01\/20180129_132436.jpg\" target=\"_blank\" rel=\"noopener\"><img fetchpriority=\"high\" decoding=\"async\" class=\" size-full wp-image-27311\" title=\"La tamborada de la Setmana Santa d'Alzira afronta la recta final per tal de ser declarada Patrimoni Immaterial Cultural de la Humanitat per la Unesco\" src=\"https:\/\/alzira.es\/wp-content\/uploads\/2018\/01\/20180129_132436.jpg\" alt=\"20180129 132436\" width=\"600\" height=\"450\" srcset=\"https:\/\/alzira.es\/wp-content\/uploads\/2018\/01\/20180129_132436.jpg 1200w, https:\/\/alzira.es\/wp-content\/uploads\/2018\/01\/20180129_132436-680x510.jpg 680w, https:\/\/alzira.es\/wp-content\/uploads\/2018\/01\/20180129_132436-768x576.jpg 768w\" sizes=\"(max-width: 600px) 100vw, 600px\" \/><\/a><\/p>\n","protected":false},"excerpt":{"rendered":"<p>Alzira, 31 de enero 2018.- El presidente de la Junta de Hermandades y Cofrad\u00edas de la Semana Santa, Vicent F\u00e1bregues, se ha reunido con Isabel Aguilar, vicealcaldesa y concejala de Fiestas, continuando la ronda de reuniones que se est\u00e1 llevando adelante con las distintas entidades festivas de la ciudad de Alzira. La reuni\u00f3n ha servido &hellip; <\/p>\n<p class=\"link-more\"><a href=\"https:\/\/alzira.es\/es\/la-tamborada-de-la-setmana-santa-d-alzira-afronta-la-recta-final-per-tal-de-ser-declarada-patrimoni-immaterial-cultural-de-la-humanitat-per-la-unesco\/\" class=\"more-link\">Continuar leyendo<span class=\"screen-reader-text\"> \u00abLa tamborada de la Semana Santa de Alzira afronta la recta final para ser declarada Patrimonio Inmaterial Cultural de la Humanidad por la Unesco\u00bb<\/span><\/a><\/p>\n","protected":false},"author":29,"featured_media":27312,"comment_status":"","ping_status":"","sticky":false,"template":"","format":"standard","meta":{"_acf_changed":false,"footnotes":""},"categories":[1893],"tags":[],"class_list":["post-27314","post","type-post","status-publish","format-standard","has-post-thumbnail","hentry","category-hemeroteca"],"acf":[],"_links":{"self":[{"href":"https:\/\/alzira.es\/es\/wp-json\/wp\/v2\/posts\/27314","targetHints":{"allow":["GET"]}}],"collection":[{"href":"https:\/\/alzira.es\/es\/wp-json\/wp\/v2\/posts"}],"about":[{"href":"https:\/\/alzira.es\/es\/wp-json\/wp\/v2\/types\/post"}],"author":[{"embeddable":true,"href":"https:\/\/alzira.es\/es\/wp-json\/wp\/v2\/users\/29"}],"replies":[{"embeddable":true,"href":"https:\/\/alzira.es\/es\/wp-json\/wp\/v2\/comments?post=27314"}],"version-history":[{"count":0,"href":"https:\/\/alzira.es\/es\/wp-json\/wp\/v2\/posts\/27314\/revisions"}],"wp:featuredmedia":[{"embeddable":true,"href":"https:\/\/alzira.es\/es\/wp-json\/wp\/v2\/media\/27312"}],"wp:attachment":[{"href":"https:\/\/alzira.es\/es\/wp-json\/wp\/v2\/media?parent=27314"}],"wp:term":[{"taxonomy":"category","embeddable":true,"href":"https:\/\/alzira.es\/es\/wp-json\/wp\/v2\/categories?post=27314"},{"taxonomy":"post_tag","embeddable":true,"href":"https:\/\/alzira.es\/es\/wp-json\/wp\/v2\/tags?post=27314"}],"curies":[{"name":"wp","href":"https:\/\/api.w.org\/{rel}","templated":true}]}}