{"id":27265,"date":"2018-01-29T18:41:38","date_gmt":"2018-01-29T17:41:38","guid":{"rendered":"https:\/\/alzira.es\/a-partir-de-dimecres-ja-es-podran-realitzar-cremes-agricoles-a-alzira\/"},"modified":"2018-01-29T18:41:38","modified_gmt":"2018-01-29T17:41:38","slug":"a-partir-de-dimecres-ja-es-podran-realitzar-cremes-agricoles-a-alzira","status":"publish","type":"post","link":"https:\/\/alzira.es\/es\/a-partir-de-dimecres-ja-es-podran-realitzar-cremes-agricoles-a-alzira\/","title":{"rendered":"A partir del mi\u00e9rcoles ya se podr\u00e1n realizar quemas agr\u00edcolas en Alzira"},"content":{"rendered":"<p style=\"text-align: justify;\">Desde hoy se pueden solicitar los permisos<\/p>\n<p style=\"text-align: justify;\"><strong>Alzira, 29 de enero 2018.-<\/strong> La Concejal\u00eda de Agricultura y Medio Ambiente, informa que la Consejer\u00eda alza a partir del mi\u00e9rcoles 31 de enero las restricciones de quemas agr\u00edcolas. Esta resoluci\u00f3n, firmada el pasado 26 de enero por la directora general de Prevenci\u00f3n de Incendios Forestales, permite retomar la realizaci\u00f3n de quemas agr\u00edcolas en Alzira, lo que supone que desde hoy se puedan solicitar los permisos para quemar en La Clau, presencialmente o por v\u00eda telem\u00e1tica.<\/p>\n<p style=\"text-align: justify;\">Con esta medida, los agricultores locales podr\u00e1n volver a gestionar los restos agr\u00edcolas mediante quemas hasta las 13.30 horas, siguiendo las condiciones generales del plan local de quemas en Alzira. No obstante las condiciones establecidas por la Resoluci\u00f3n valoran la persistencia de un cierto riesgo de incendios, por lo que ampl\u00eda la posibilidad de suspensi\u00f3n de las quemas agr\u00edcolas tanto cuando se declare la alerta 3 como la alerta 2.<\/p>\n<p style=\"text-align: justify;\">Tambi\u00e9n recuerda la Resoluci\u00f3n de la Generalitat que est\u00e1 prohibida la realizaci\u00f3n de quemas agr\u00edcolas en el per\u00edodo que comprende las vacaciones de Pascua, desde el Jueves Santo, d\u00eda 29 de marzo hasta el lunes 9 de abril, San Vicente, ambos incluidos.<\/p>\n","protected":false},"excerpt":{"rendered":"<p>Desde hoy se pueden solicitar los permisos Alzira, 29 de enero 2018.- La Concejal\u00eda de Agricultura y Medio Ambiente, informa que la Consejer\u00eda alza a partir del mi\u00e9rcoles 31 de enero las restricciones de quemas agr\u00edcolas. Esta resoluci\u00f3n, firmada el pasado 26 de enero por la directora general de Prevenci\u00f3n de Incendios Forestales, permite retomar &hellip; <\/p>\n<p class=\"link-more\"><a href=\"https:\/\/alzira.es\/es\/a-partir-de-dimecres-ja-es-podran-realitzar-cremes-agricoles-a-alzira\/\" class=\"more-link\">Continuar leyendo<span class=\"screen-reader-text\"> \u00abA partir del mi\u00e9rcoles ya se podr\u00e1n realizar quemas agr\u00edcolas en Alzira\u00bb<\/span><\/a><\/p>\n","protected":false},"author":29,"featured_media":0,"comment_status":"","ping_status":"","sticky":false,"template":"","format":"standard","meta":{"_acf_changed":false,"footnotes":""},"categories":[1893],"tags":[],"class_list":["post-27265","post","type-post","status-publish","format-standard","hentry","category-hemeroteca"],"acf":[],"_links":{"self":[{"href":"https:\/\/alzira.es\/es\/wp-json\/wp\/v2\/posts\/27265","targetHints":{"allow":["GET"]}}],"collection":[{"href":"https:\/\/alzira.es\/es\/wp-json\/wp\/v2\/posts"}],"about":[{"href":"https:\/\/alzira.es\/es\/wp-json\/wp\/v2\/types\/post"}],"author":[{"embeddable":true,"href":"https:\/\/alzira.es\/es\/wp-json\/wp\/v2\/users\/29"}],"replies":[{"embeddable":true,"href":"https:\/\/alzira.es\/es\/wp-json\/wp\/v2\/comments?post=27265"}],"version-history":[{"count":0,"href":"https:\/\/alzira.es\/es\/wp-json\/wp\/v2\/posts\/27265\/revisions"}],"wp:attachment":[{"href":"https:\/\/alzira.es\/es\/wp-json\/wp\/v2\/media?parent=27265"}],"wp:term":[{"taxonomy":"category","embeddable":true,"href":"https:\/\/alzira.es\/es\/wp-json\/wp\/v2\/categories?post=27265"},{"taxonomy":"post_tag","embeddable":true,"href":"https:\/\/alzira.es\/es\/wp-json\/wp\/v2\/tags?post=27265"}],"curies":[{"name":"wp","href":"https:\/\/api.w.org\/{rel}","templated":true}]}}