{"id":27221,"date":"2018-01-26T12:35:30","date_gmt":"2018-01-26T11:35:30","guid":{"rendered":"https:\/\/alzira.es\/alzira-acull-les-jornades-del-cefire-sobre-radio-a-les-aules-que-presentara-nelo-gomez\/"},"modified":"2018-01-26T12:35:30","modified_gmt":"2018-01-26T11:35:30","slug":"alzira-acull-les-jornades-del-cefire-sobre-radio-a-les-aules-que-presentara-nelo-gomez","status":"publish","type":"post","link":"https:\/\/alzira.es\/es\/alzira-acull-les-jornades-del-cefire-sobre-radio-a-les-aules-que-presentara-nelo-gomez\/","title":{"rendered":"Alzira acoge las jornadas del CEFIRE sobre radio en las aulas, que presentar\u00e1 Nelo G\u00f3mez"},"content":{"rendered":"<p style=\"text-align: justify;\">Alzira, 26 de enero 2018.- Esta tarde se inician en Alzira las jornadas sobre Radio y podcast al aula organizadas por el CEFIRE Espec\u00edfico de pluriling\u00fcismo con la colaboraci\u00f3n del Ayuntamiento de Alzira y de Alzira Radio. Diego G\u00f3mez, alcalde de Alzira, y la directora del Cefire de Pluriling\u00fcismo, Margarita Castellano dar\u00e1n la bienvenida a los participantes.<\/p>\n<p style=\"text-align: justify;\">Con estas jornadas, dirigidas a docentes, se pretende acercar el amplio abanico de posibilidades que ofrecen la radio y el podcast en el trabajo de aula, y tambi\u00e9n adoptarlo como proyecto global de centro, que permite alcanzar niveles a\u00fan m\u00e1s amplios.<\/p>\n<p style=\"text-align: justify;\">Esta tarde est\u00e1 programada una mesa redonda, ponencias y talleres de formaci\u00f3n inicial, adem\u00e1s del intercambio de experiencias que ya se han puesto en marcha en distintos centros educativos valencianos. Y ma\u00f1ana s\u00e1bado la jornada se centrar\u00e1 fundamentalmente en los talleres impartidos por Alzira Radio sobre gui\u00f3n, locuci\u00f3n y publicaci\u00f3n del podcast y finalizar\u00e1 con la presentaci\u00f3n de experiencias en los centros educativos valencianos.<\/p>\n<p style=\"text-align: justify;\">Se trata de unas jornadas adaptadas al mundo de la radio que contar\u00e1n con m\u00fasica en directo, con la participaci\u00f3n del Ensemble del CEFIRE de Gand\u00eda un plus que nos ayudar\u00e1 a gozar y entender la importancia de los autores y de los int\u00e9rpretes en un mundo tan mediatizado como el que nos ha tocado vivir.<\/p>\n<p style=\"text-align: justify;\">Nelo G\u00f3mez, actor y presentador alzire\u00f1o, ser\u00e1 el responsable de conducir las jornadas, donde tambi\u00e9n participar\u00e1n: Alba Veryser, ponente de Radio Escuela y curso Radio y podcast CEFIREs, Macarena Tabacco, pionera en la introducci\u00f3n de la radio en los centros de Alzira, Natxo Moral, (Un Entre Tants) de la Red TIC en valenciano, Albert Vicent, responsable de Proyecci\u00f3n Social de la SAMC o los trabajadores de Alzira Radio, que aportar\u00e1n sus experiencias en el \u00e1mbito educativo, entre otros.<\/p>\n<p style=\"text-align: center;\"><img fetchpriority=\"high\" decoding=\"async\" class=\" size-full wp-image-27219\" title=\"Alzira acull les jornades del CEFIRE sobre r\u00e0dio a les aules, que presentar\u00e0 Nelo G\u00f3mez\" src=\"https:\/\/alzira.es\/wp-content\/uploads\/2018\/01\/poster_alzira_v1.jpg\" alt=\"poster alzira v1\" width=\"800\" height=\"1131\" srcset=\"https:\/\/alzira.es\/wp-content\/uploads\/2018\/01\/poster_alzira_v1.jpg 1200w, https:\/\/alzira.es\/wp-content\/uploads\/2018\/01\/poster_alzira_v1-361x510.jpg 361w, https:\/\/alzira.es\/wp-content\/uploads\/2018\/01\/poster_alzira_v1-758x1072.jpg 758w, https:\/\/alzira.es\/wp-content\/uploads\/2018\/01\/poster_alzira_v1-768x1086.jpg 768w, https:\/\/alzira.es\/wp-content\/uploads\/2018\/01\/poster_alzira_v1-1086x1536.jpg 1086w\" sizes=\"(max-width: 706px) 89vw, (max-width: 767px) 82vw, 740px\" \/><\/p>\n","protected":false},"excerpt":{"rendered":"<p>Alzira, 26 de enero 2018.- Esta tarde se inician en Alzira las jornadas sobre Radio y podcast al aula organizadas por el CEFIRE Espec\u00edfico de pluriling\u00fcismo con la colaboraci\u00f3n del Ayuntamiento de Alzira y de Alzira Radio. Diego G\u00f3mez, alcalde de Alzira, y la directora del Cefire de Pluriling\u00fcismo, Margarita Castellano dar\u00e1n la bienvenida a &hellip; <\/p>\n<p class=\"link-more\"><a href=\"https:\/\/alzira.es\/es\/alzira-acull-les-jornades-del-cefire-sobre-radio-a-les-aules-que-presentara-nelo-gomez\/\" class=\"more-link\">Continuar leyendo<span class=\"screen-reader-text\"> \u00abAlzira acoge las jornadas del CEFIRE sobre radio en las aulas, que presentar\u00e1 Nelo G\u00f3mez\u00bb<\/span><\/a><\/p>\n","protected":false},"author":29,"featured_media":27219,"comment_status":"","ping_status":"","sticky":false,"template":"","format":"standard","meta":{"_acf_changed":false,"footnotes":""},"categories":[1893],"tags":[],"class_list":["post-27221","post","type-post","status-publish","format-standard","has-post-thumbnail","hentry","category-hemeroteca"],"acf":[],"_links":{"self":[{"href":"https:\/\/alzira.es\/es\/wp-json\/wp\/v2\/posts\/27221","targetHints":{"allow":["GET"]}}],"collection":[{"href":"https:\/\/alzira.es\/es\/wp-json\/wp\/v2\/posts"}],"about":[{"href":"https:\/\/alzira.es\/es\/wp-json\/wp\/v2\/types\/post"}],"author":[{"embeddable":true,"href":"https:\/\/alzira.es\/es\/wp-json\/wp\/v2\/users\/29"}],"replies":[{"embeddable":true,"href":"https:\/\/alzira.es\/es\/wp-json\/wp\/v2\/comments?post=27221"}],"version-history":[{"count":0,"href":"https:\/\/alzira.es\/es\/wp-json\/wp\/v2\/posts\/27221\/revisions"}],"wp:featuredmedia":[{"embeddable":true,"href":"https:\/\/alzira.es\/es\/wp-json\/wp\/v2\/media\/27219"}],"wp:attachment":[{"href":"https:\/\/alzira.es\/es\/wp-json\/wp\/v2\/media?parent=27221"}],"wp:term":[{"taxonomy":"category","embeddable":true,"href":"https:\/\/alzira.es\/es\/wp-json\/wp\/v2\/categories?post=27221"},{"taxonomy":"post_tag","embeddable":true,"href":"https:\/\/alzira.es\/es\/wp-json\/wp\/v2\/tags?post=27221"}],"curies":[{"name":"wp","href":"https:\/\/api.w.org\/{rel}","templated":true}]}}