{"id":27189,"date":"2018-01-25T15:02:51","date_gmt":"2018-01-25T14:02:51","guid":{"rendered":"https:\/\/alzira.es\/alzira-tapara-les-pintades-neonazis\/"},"modified":"2018-01-25T15:02:51","modified_gmt":"2018-01-25T14:02:51","slug":"alzira-tapara-les-pintades-neonazis","status":"publish","type":"post","link":"https:\/\/alzira.es\/es\/alzira-tapara-les-pintades-neonazis\/","title":{"rendered":"Alzira tapar\u00e1 las pintadas neonazis"},"content":{"rendered":"<p style=\"text-align: justify;\"><strong>Alzira, 25 de enero 2018.-<\/strong> El Ayuntamiento de Alzira, con la coordinaci\u00f3n de la concejal\u00eda de Seguridad, ha preparado un programa de trabajo para tapar las pintadas neonazis que han aparecido los \u00faltimos meses en la ciudad y que dan una imagen poco decorosa de nuestras calles.<\/p>\n<p style=\"text-align: justify;\">Dentro del convenio con la empresa FCC, el equipo de gobierno ha trabajado con una planificaci\u00f3n de limpieza, tanto edificios de p\u00fablicos como de fachadas privadas.<\/p>\n<p style=\"text-align: justify;\">Tanto las pintadas con simbolog\u00eda nazi, los mensajes de apoyo a ultras, como el asedio y las agresiones se repiten en varios municipios de la comarca y han supuesto que la ciudadan\u00eda muestre su preocupaci\u00f3n por la proliferaci\u00f3n de esta ideolog\u00eda ultra. Se trata de una demanda ciudadana que se ha hecho llegar al consistorio y que desde el ayuntamiento se reconoce como un importante problema social.<\/p>\n<p style=\"text-align: justify;\">El pasado mes de marzo ya se trat\u00f3 en la asamblea ciudadana esta problem\u00e1tica, y posteriormente se organiz\u00f3 una primera limpieza por parte de algunas entidades y asociaciones.<\/p>\n<p style=\"text-align: justify;\">Semanas despu\u00e9s, de nuevo aparecieran pintadas y por parte del ayuntamiento se dio traslado en la fiscal\u00eda, ya que al vandalismo se suma la apolog\u00eda del odio y terrorismo, cosa que supone un delito por parte de los autores de estas pintadas.<\/p>\n<p style=\"text-align: justify;\">De momento, ya se han planificado actuaciones que empezar\u00e1n en la zona de la Acequia Real de Alzira (Pont de X\u00e0tiva) y que tambi\u00e9n se realizar\u00e1n en la avenida Adri\u00e1n Campos, avenida 9 d&#8217; Octubre, Centro de Salud 1 y Cruz Roja.<\/p>\n<p style=\"text-align: center;\"><a class=\"jcepopup\" title=\"Alzira tapar\u00e0 les pintades neonazis\" href=\"https:\/\/alzira.es\/wp-content\/uploads\/2018\/01\/Pintades_Magatzem_Cuco.jpg\" target=\"_blank\" rel=\"noopener\"><img fetchpriority=\"high\" decoding=\"async\" class=\" size-full wp-image-27186\" title=\"Alzira tapar\u00e0 les pintades neonazis\" src=\"https:\/\/alzira.es\/wp-content\/uploads\/2018\/01\/Pintades_Magatzem_Cuco.jpg\" alt=\"Pintades Magatzem Cuco\" width=\"600\" height=\"450\" srcset=\"https:\/\/alzira.es\/wp-content\/uploads\/2018\/01\/Pintades_Magatzem_Cuco.jpg 1200w, https:\/\/alzira.es\/wp-content\/uploads\/2018\/01\/Pintades_Magatzem_Cuco-680x510.jpg 680w, https:\/\/alzira.es\/wp-content\/uploads\/2018\/01\/Pintades_Magatzem_Cuco-768x576.jpg 768w\" sizes=\"(max-width: 600px) 100vw, 600px\" \/><\/a><\/p>\n","protected":false},"excerpt":{"rendered":"<p>Alzira, 25 de enero 2018.- El Ayuntamiento de Alzira, con la coordinaci\u00f3n de la concejal\u00eda de Seguridad, ha preparado un programa de trabajo para tapar las pintadas neonazis que han aparecido los \u00faltimos meses en la ciudad y que dan una imagen poco decorosa de nuestras calles. Dentro del convenio con la empresa FCC, el &hellip; <\/p>\n<p class=\"link-more\"><a href=\"https:\/\/alzira.es\/es\/alzira-tapara-les-pintades-neonazis\/\" class=\"more-link\">Continuar leyendo<span class=\"screen-reader-text\"> \u00abAlzira tapar\u00e1 las pintadas neonazis\u00bb<\/span><\/a><\/p>\n","protected":false},"author":29,"featured_media":27186,"comment_status":"","ping_status":"","sticky":false,"template":"","format":"standard","meta":{"_acf_changed":false,"footnotes":""},"categories":[4936],"tags":[],"class_list":["post-27189","post","type-post","status-publish","format-standard","has-post-thumbnail","hentry","category-hemeroteca-es"],"acf":[],"_links":{"self":[{"href":"https:\/\/alzira.es\/es\/wp-json\/wp\/v2\/posts\/27189","targetHints":{"allow":["GET"]}}],"collection":[{"href":"https:\/\/alzira.es\/es\/wp-json\/wp\/v2\/posts"}],"about":[{"href":"https:\/\/alzira.es\/es\/wp-json\/wp\/v2\/types\/post"}],"author":[{"embeddable":true,"href":"https:\/\/alzira.es\/es\/wp-json\/wp\/v2\/users\/29"}],"replies":[{"embeddable":true,"href":"https:\/\/alzira.es\/es\/wp-json\/wp\/v2\/comments?post=27189"}],"version-history":[{"count":0,"href":"https:\/\/alzira.es\/es\/wp-json\/wp\/v2\/posts\/27189\/revisions"}],"wp:featuredmedia":[{"embeddable":true,"href":"https:\/\/alzira.es\/es\/wp-json\/wp\/v2\/media\/27186"}],"wp:attachment":[{"href":"https:\/\/alzira.es\/es\/wp-json\/wp\/v2\/media?parent=27189"}],"wp:term":[{"taxonomy":"category","embeddable":true,"href":"https:\/\/alzira.es\/es\/wp-json\/wp\/v2\/categories?post=27189"},{"taxonomy":"post_tag","embeddable":true,"href":"https:\/\/alzira.es\/es\/wp-json\/wp\/v2\/tags?post=27189"}],"curies":[{"name":"wp","href":"https:\/\/api.w.org\/{rel}","templated":true}]}}