{"id":27185,"date":"2018-01-25T14:35:01","date_gmt":"2018-01-25T13:35:01","guid":{"rendered":"https:\/\/alzira.es\/l-ajuntament-d-alzira-posa-en-marxa-el-pla-d-ocupacio-de-majors-de-55-anys-2\/"},"modified":"2018-01-25T14:35:01","modified_gmt":"2018-01-25T13:35:01","slug":"l-ajuntament-d-alzira-posa-en-marxa-el-pla-d-ocupacio-de-majors-de-55-anys-2","status":"publish","type":"post","link":"https:\/\/alzira.es\/es\/l-ajuntament-d-alzira-posa-en-marxa-el-pla-d-ocupacio-de-majors-de-55-anys-2\/","title":{"rendered":"El Ayuntamiento de Alzira pone en marcha el plan de empleo de mayores de 55 a\u00f1os"},"content":{"rendered":"<p style=\"text-align: justify;\"><strong>Alzira, 25 de enero 2018.-<\/strong> La concejal\u00eda de Desarrollo Econ\u00f3mico y Trabajo e IDEA han puesto en marcha un nuevo plan de empleo dirigido al colectivo de parados\/as mayores de 55 a\u00f1os. Gracias a este plan, se ha podido contratar a 9 personas en los distintos departamentos municipales durante 5 meses dentro de las bolsas de las que dispon\u00eda la administraci\u00f3n local. Para el plan de empleo, el Ayuntamiento de Alzira ha recibido una subvenci\u00f3n de m\u00e1s de 70.000 euros por parte de la Diputaci\u00f3n de Valencia.<\/p>\n<p style=\"text-align: justify;\">Para Iv\u00e1n Mart\u00ednez, concejal responsable del \u00e1rea: \u00abdesde IDEA y el Ayuntamiento estamos tratando de poner en marcha planes de empleo que hagan incidencia en los colectivos m\u00e1s vulnerables y que est\u00e1n pas\u00e1ndolo peor con datos de paro cr\u00f3nico. Tenemos los planes juveniles, con m\u00e1s de 390.000 para el 2018, y otro de los talleres de empleo, de los cuatro que hay en marcha con contratos de un a\u00f1o, tambi\u00e9n ha sido dirigido a mujeres mayores de 45 a\u00f1os, donde el \u00edndice de paro dobla al de los hombres. Desde el Ayuntamiento de Alzira queremos tratar de dar las mayores oportunidades a las personas\u00bb.<\/p>\n<p style=\"text-align: center;\"><a class=\"jcepopup\" title=\"L'Ajuntament d'Alzira posa en marxa el pla d'ocupaci\u00f3 de majors de 55 anys\" href=\"https:\/\/alzira.es\/wp-content\/uploads\/2018\/01\/IMG_4373.jpg\" target=\"_blank\" rel=\"noopener\"><img fetchpriority=\"high\" decoding=\"async\" class=\" size-full wp-image-27179\" title=\"L'Ajuntament d'Alzira posa en marxa el pla d'ocupaci\u00f3 de majors de 55 anys\" src=\"https:\/\/alzira.es\/wp-content\/uploads\/2018\/01\/IMG_4373.jpg\" alt=\"IMG 4373\" width=\"600\" height=\"400\" \/><\/a><\/p>\n","protected":false},"excerpt":{"rendered":"<p>Alzira, 25 de enero 2018.- La concejal\u00eda de Desarrollo Econ\u00f3mico y Trabajo e IDEA han puesto en marcha un nuevo plan de empleo dirigido al colectivo de parados\/as mayores de 55 a\u00f1os. Gracias a este plan, se ha podido contratar a 9 personas en los distintos departamentos municipales durante 5 meses dentro de las bolsas &hellip; <\/p>\n<p class=\"link-more\"><a href=\"https:\/\/alzira.es\/es\/l-ajuntament-d-alzira-posa-en-marxa-el-pla-d-ocupacio-de-majors-de-55-anys-2\/\" class=\"more-link\">Continuar leyendo<span class=\"screen-reader-text\"> \u00abEl Ayuntamiento de Alzira pone en marcha el plan de empleo de mayores de 55 a\u00f1os\u00bb<\/span><\/a><\/p>\n","protected":false},"author":29,"featured_media":27179,"comment_status":"","ping_status":"","sticky":false,"template":"","format":"standard","meta":{"_acf_changed":false,"footnotes":""},"categories":[4936],"tags":[],"class_list":["post-27185","post","type-post","status-publish","format-standard","has-post-thumbnail","hentry","category-hemeroteca-es"],"acf":[],"_links":{"self":[{"href":"https:\/\/alzira.es\/es\/wp-json\/wp\/v2\/posts\/27185","targetHints":{"allow":["GET"]}}],"collection":[{"href":"https:\/\/alzira.es\/es\/wp-json\/wp\/v2\/posts"}],"about":[{"href":"https:\/\/alzira.es\/es\/wp-json\/wp\/v2\/types\/post"}],"author":[{"embeddable":true,"href":"https:\/\/alzira.es\/es\/wp-json\/wp\/v2\/users\/29"}],"replies":[{"embeddable":true,"href":"https:\/\/alzira.es\/es\/wp-json\/wp\/v2\/comments?post=27185"}],"version-history":[{"count":0,"href":"https:\/\/alzira.es\/es\/wp-json\/wp\/v2\/posts\/27185\/revisions"}],"wp:featuredmedia":[{"embeddable":true,"href":"https:\/\/alzira.es\/es\/wp-json\/wp\/v2\/media\/27179"}],"wp:attachment":[{"href":"https:\/\/alzira.es\/es\/wp-json\/wp\/v2\/media?parent=27185"}],"wp:term":[{"taxonomy":"category","embeddable":true,"href":"https:\/\/alzira.es\/es\/wp-json\/wp\/v2\/categories?post=27185"},{"taxonomy":"post_tag","embeddable":true,"href":"https:\/\/alzira.es\/es\/wp-json\/wp\/v2\/tags?post=27185"}],"curies":[{"name":"wp","href":"https:\/\/api.w.org\/{rel}","templated":true}]}}