{"id":27140,"date":"2018-01-24T13:41:49","date_gmt":"2018-01-24T12:41:49","guid":{"rendered":"https:\/\/alzira.es\/l-ajuntament-d-alzira-fica-en-marxa-el-projecte-equips-per-a-la-cerca-d-ocupacio\/"},"modified":"2018-01-24T13:41:49","modified_gmt":"2018-01-24T12:41:49","slug":"l-ajuntament-d-alzira-fica-en-marxa-el-projecte-equips-per-a-la-cerca-d-ocupacio","status":"publish","type":"post","link":"https:\/\/alzira.es\/es\/l-ajuntament-d-alzira-fica-en-marxa-el-projecte-equips-per-a-la-cerca-d-ocupacio\/","title":{"rendered":"El Ayuntamiento de Alzira pone en marcha el proyecto \u00abEquipos para la b\u00fasqueda de Empleo\u00bb"},"content":{"rendered":"<p style=\"text-align: justify;\"><strong>Alzira, 24 de enero 2018.-<\/strong> El Ayuntamiento de Alzira se ha adherido a un convenio entre el Servicio Valenciano de Empleo y Formaci\u00f3n y la Federaci\u00f3n Valenciana de Municipios y Provincias para el desarrollo y puesta en marcha del Proyecto \u00abEquipos para la B\u00fasqueda de Empleo y Emprendedores\u00bb.<\/p>\n<p style=\"text-align: justify;\">Seg\u00fan ha explicado Iv\u00e1n Mart\u00ednez, concejal de Desarrollo Econ\u00f3mico, Trabajo y Proyectos Europeos: \u00abel objetivo de este convenio es la prestaci\u00f3n de un nuevo servicio en Alzira para la B\u00fasqueda de Trabajo y Emprendimiento. A trav\u00e9s de \u00e9ste se pretende dotar de un plan de acci\u00f3n para mejorar la b\u00fasqueda de trabajo a las personas participantes. Lo que se pretende es conseguir la inserci\u00f3n laboral de las personas desempleadas participantes\u00bb.<\/p>\n<p style=\"text-align: justify;\">Este programa va dirigido, por un lado, a colectivos de personas j\u00f3venes desempleadas que sean beneficiarias del Sistema Nacional de Garant\u00eda Juvenil y, de otro, a parados\/as mayores de 30 a\u00f1os inscritas en el SERVEF. Estos grupos, de 20 personas, tendr\u00e1n un tutor que los formar\u00e1 y orientar\u00e1 para optar a m\u00e1s ofertas de trabajo.<\/p>\n<p style=\"text-align: justify;\">Las personas interesadas pueden dirigirse a las instalaciones de IDEA en la c\/ Ronda d&#8217; Algemes\u00ed, 4, o llamando al <span style=\"color: #0000ff;\">96 245 51 01<\/span>.<\/p>\n<p style=\"text-align: center;\"><img fetchpriority=\"high\" decoding=\"async\" width=\"505\" height=\"306\" class=\" size-full wp-image-27138\" title=\"L\u2019Ajuntament d\u2019Alzira fica en marxa el projecte \u00abEquips per a la cerca d\u2019Ocupaci\u00f3\u00bb\" src=\"https:\/\/alzira.es\/wp-content\/uploads\/2018\/01\/20180123_114140.jpg\" alt=\"20180123 114140\" \/><\/p>\n","protected":false},"excerpt":{"rendered":"<p>Alzira, 24 de enero 2018.- El Ayuntamiento de Alzira se ha adherido a un convenio entre el Servicio Valenciano de Empleo y Formaci\u00f3n y la Federaci\u00f3n Valenciana de Municipios y Provincias para el desarrollo y puesta en marcha del Proyecto \u00abEquipos para la B\u00fasqueda de Empleo y Emprendedores\u00bb. Seg\u00fan ha explicado Iv\u00e1n Mart\u00ednez, concejal de &hellip; <\/p>\n<p class=\"link-more\"><a href=\"https:\/\/alzira.es\/es\/l-ajuntament-d-alzira-fica-en-marxa-el-projecte-equips-per-a-la-cerca-d-ocupacio\/\" class=\"more-link\">Continuar leyendo<span class=\"screen-reader-text\"> \u00abEl Ayuntamiento de Alzira pone en marcha el proyecto \u00abEquipos para la b\u00fasqueda de Empleo\u00bb\u00bb<\/span><\/a><\/p>\n","protected":false},"author":29,"featured_media":27138,"comment_status":"","ping_status":"","sticky":false,"template":"","format":"standard","meta":{"_acf_changed":false,"footnotes":""},"categories":[1893],"tags":[],"class_list":["post-27140","post","type-post","status-publish","format-standard","has-post-thumbnail","hentry","category-hemeroteca"],"acf":[],"_links":{"self":[{"href":"https:\/\/alzira.es\/es\/wp-json\/wp\/v2\/posts\/27140","targetHints":{"allow":["GET"]}}],"collection":[{"href":"https:\/\/alzira.es\/es\/wp-json\/wp\/v2\/posts"}],"about":[{"href":"https:\/\/alzira.es\/es\/wp-json\/wp\/v2\/types\/post"}],"author":[{"embeddable":true,"href":"https:\/\/alzira.es\/es\/wp-json\/wp\/v2\/users\/29"}],"replies":[{"embeddable":true,"href":"https:\/\/alzira.es\/es\/wp-json\/wp\/v2\/comments?post=27140"}],"version-history":[{"count":0,"href":"https:\/\/alzira.es\/es\/wp-json\/wp\/v2\/posts\/27140\/revisions"}],"wp:featuredmedia":[{"embeddable":true,"href":"https:\/\/alzira.es\/es\/wp-json\/wp\/v2\/media\/27138"}],"wp:attachment":[{"href":"https:\/\/alzira.es\/es\/wp-json\/wp\/v2\/media?parent=27140"}],"wp:term":[{"taxonomy":"category","embeddable":true,"href":"https:\/\/alzira.es\/es\/wp-json\/wp\/v2\/categories?post=27140"},{"taxonomy":"post_tag","embeddable":true,"href":"https:\/\/alzira.es\/es\/wp-json\/wp\/v2\/tags?post=27140"}],"curies":[{"name":"wp","href":"https:\/\/api.w.org\/{rel}","templated":true}]}}