{"id":27099,"date":"2018-01-24T12:46:14","date_gmt":"2018-01-24T11:46:14","guid":{"rendered":"https:\/\/alzira.es\/oberta-la-convocatoria-de-la-iii-edicio-dels-premis-idea-coworking\/"},"modified":"2018-01-24T12:46:14","modified_gmt":"2018-01-24T11:46:14","slug":"oberta-la-convocatoria-de-la-iii-edicio-dels-premis-idea-coworking","status":"publish","type":"post","link":"https:\/\/alzira.es\/es\/oberta-la-convocatoria-de-la-iii-edicio-dels-premis-idea-coworking\/","title":{"rendered":"Abierta la convocatoria de la III edici\u00f3n de los Premios \u201cIDEA Coworking\u201d"},"content":{"rendered":"<p style=\"text-align: justify;\"><strong>Alzira, 24 de enero 2018.-<\/strong> El Ayuntamiento de Alzira, a trav\u00e9s de la concejal\u00eda de Desarrollo Econ\u00f3mico, Trabajo y Proyectos Europeos, convoca la tercera edici\u00f3n de los PREMIOS \u00abIDEA COWORKING ALZIRA\u00bb. Estos premios se llevan a cabo con la colaboraci\u00f3n de GC COWORKING ALZIRA.<\/p>\n<p style=\"text-align: justify;\">El objetivo es fomentar que aut\u00f3nomos y emprendedores que vienen de una situaci\u00f3n de paro tengan un espacio compartido por poder desarrollar su tarea. Los premios est\u00e1n dotados con 2 premios valorados en 1.000 \u20ac financiados por el Ayuntamiento de Alzira, los cuales equivalen al coste de los servicios de coworking, en COWORKING ALZIRA, durante 6 meses. Podr\u00e1n participar personas f\u00edsicas o jur\u00eddicas que quieran emprender o que ya est\u00e9n ejerciendo una actividad profesional y\/o empresarial en Alzira y con un modelo de negocio que se desarrolle adecuadamente en un espacio colaborativo.<\/p>\n<p style=\"text-align: justify;\">Seg\u00fan Iv\u00e1n Mart\u00ednez, concejal responsable del \u00e1rea: \u00abEl impulso del auto-ocupaci\u00f3n exige de f\u00f3rmulas que facilitan y mejoran la puesta en marcha de las nuevas empresas, especialmente peque\u00f1as empresas y profesionales que encuentran m\u00e1s dificultades en las fases iniciales. Con los premios IDEA COWORKING ALZIRA el Ayuntamiento de Alzira pretende fomentar que la gente emprenda y facilitar el establecimiento de este tipo de empresas en Alzira, adem\u00e1s de poder tener un vivero de empresas\u00bb.<\/p>\n<p style=\"text-align: justify;\">La instancia y documentaci\u00f3n deber\u00e1 presentarse, dentro del plazo en Registro de Entrada del Ayuntamiento d&#8217; Alzira, (La Clau) seg\u00fan lo dispuesto en las Bases espec\u00edficas de la convocatoria. Para cualquier duda o aclaraci\u00f3n contactar con IDEA, en el <span style=\"color: #0000ff;\">96 245 51 01<\/span>.<\/p>\n<p style=\"text-align: center;\"><a class=\"jcepopup\" title=\"IDEA Coworking\" href=\"https:\/\/alzira.es\/wp-content\/uploads\/2018\/01\/cartel_coworking_2017_18.jpg\" target=\"_blank\" rel=\"noopener\"><img fetchpriority=\"high\" decoding=\"async\" class=\" size-full wp-image-27097\" title=\"IDEA Coworking\" src=\"https:\/\/alzira.es\/wp-content\/uploads\/2018\/01\/cartel_coworking_2017_18.jpg\" alt=\"cartel coworking 2017 18\" width=\"800\" height=\"1131\" srcset=\"https:\/\/alzira.es\/wp-content\/uploads\/2018\/01\/cartel_coworking_2017_18.jpg 1200w, https:\/\/alzira.es\/wp-content\/uploads\/2018\/01\/cartel_coworking_2017_18-361x510.jpg 361w, https:\/\/alzira.es\/wp-content\/uploads\/2018\/01\/cartel_coworking_2017_18-758x1072.jpg 758w, https:\/\/alzira.es\/wp-content\/uploads\/2018\/01\/cartel_coworking_2017_18-768x1086.jpg 768w, https:\/\/alzira.es\/wp-content\/uploads\/2018\/01\/cartel_coworking_2017_18-1086x1536.jpg 1086w\" sizes=\"(max-width: 706px) 89vw, (max-width: 767px) 82vw, 740px\" \/><\/a><\/p>\n","protected":false},"excerpt":{"rendered":"<p>Alzira, 24 de enero 2018.- El Ayuntamiento de Alzira, a trav\u00e9s de la concejal\u00eda de Desarrollo Econ\u00f3mico, Trabajo y Proyectos Europeos, convoca la tercera edici\u00f3n de los PREMIOS \u00abIDEA COWORKING ALZIRA\u00bb. Estos premios se llevan a cabo con la colaboraci\u00f3n de GC COWORKING ALZIRA. El objetivo es fomentar que aut\u00f3nomos y emprendedores que vienen de &hellip; <\/p>\n<p class=\"link-more\"><a href=\"https:\/\/alzira.es\/es\/oberta-la-convocatoria-de-la-iii-edicio-dels-premis-idea-coworking\/\" class=\"more-link\">Continuar leyendo<span class=\"screen-reader-text\"> \u00abAbierta la convocatoria de la III edici\u00f3n de los Premios \u201cIDEA Coworking\u201d\u00bb<\/span><\/a><\/p>\n","protected":false},"author":29,"featured_media":27097,"comment_status":"","ping_status":"","sticky":false,"template":"","format":"standard","meta":{"_acf_changed":false,"footnotes":""},"categories":[1893],"tags":[],"class_list":["post-27099","post","type-post","status-publish","format-standard","has-post-thumbnail","hentry","category-hemeroteca"],"acf":[],"_links":{"self":[{"href":"https:\/\/alzira.es\/es\/wp-json\/wp\/v2\/posts\/27099","targetHints":{"allow":["GET"]}}],"collection":[{"href":"https:\/\/alzira.es\/es\/wp-json\/wp\/v2\/posts"}],"about":[{"href":"https:\/\/alzira.es\/es\/wp-json\/wp\/v2\/types\/post"}],"author":[{"embeddable":true,"href":"https:\/\/alzira.es\/es\/wp-json\/wp\/v2\/users\/29"}],"replies":[{"embeddable":true,"href":"https:\/\/alzira.es\/es\/wp-json\/wp\/v2\/comments?post=27099"}],"version-history":[{"count":0,"href":"https:\/\/alzira.es\/es\/wp-json\/wp\/v2\/posts\/27099\/revisions"}],"wp:featuredmedia":[{"embeddable":true,"href":"https:\/\/alzira.es\/es\/wp-json\/wp\/v2\/media\/27097"}],"wp:attachment":[{"href":"https:\/\/alzira.es\/es\/wp-json\/wp\/v2\/media?parent=27099"}],"wp:term":[{"taxonomy":"category","embeddable":true,"href":"https:\/\/alzira.es\/es\/wp-json\/wp\/v2\/categories?post=27099"},{"taxonomy":"post_tag","embeddable":true,"href":"https:\/\/alzira.es\/es\/wp-json\/wp\/v2\/tags?post=27099"}],"curies":[{"name":"wp","href":"https:\/\/api.w.org\/{rel}","templated":true}]}}