{"id":26957,"date":"2018-01-20T10:35:43","date_gmt":"2018-01-20T09:35:43","guid":{"rendered":"https:\/\/alzira.es\/processo-de-sant-antoni\/"},"modified":"2018-01-20T10:35:43","modified_gmt":"2018-01-20T09:35:43","slug":"processo-de-sant-antoni","status":"publish","type":"post","link":"https:\/\/alzira.es\/es\/processo-de-sant-antoni\/","title":{"rendered":"Procesi\u00f3n de Sant Antoni"},"content":{"rendered":"<p style=\"text-align: justify;\">Alzira,&nbsp;20 de enero 2018.- Esta tarde se ha celebrado la tradicional procesi\u00f3n de Sant Antoni, en la que los alzire\u00f1os y alzire\u00f1as han sacado en el calle a sus mascotas para que sean bendecidas.<\/p>\n<p>Una procesi\u00f3n que re\u00fane a gran cantidad de p\u00fablico por los calles de la ciudad y a la que tambi\u00e9n han asistido al alcalde, Diego G\u00f3mez, el teniente de alcalde, Fernando Pascual, la concejala de Cultura, A\u00edda Ginestar y los concejales de corporaci\u00f3n municipal, Jos\u00e9 Luis Palacios, Jos\u00e9 Andr\u00e9s Hern\u00e1ndez, Juanma de la C\u00e1mara, Maria Jos\u00e9 Ll\u00f3pis y Jos\u00e9 Luis Ruiz que han acompa\u00f1ado al presidente de la asociaci\u00f3n de Fiestas de Sant Antoni, a festeros y festeras que con este acto cierran una semana dedicada al patr\u00f3n de los animales<span style=\"font-size: 14.4px;\">.<\/span><\/p>\n<p style=\"text-align: center;\"><a class=\"jcepopup\" title=\"Process\u00f3 de Sant Antoni\" href=\"https:\/\/alzira.es\/wp-content\/uploads\/2018\/01\/19642220_1592227400857426_5592983661439479538_n.jpg\" target=\"_blank\" rel=\"noopener\"><img decoding=\"async\" class=\"size-full wp-image-26951 lazyload\" title=\"Process\u00f3 de Sant Antoni\" data-src=\"https:\/\/alzira.es\/wp-content\/uploads\/2018\/01\/19642220_1592227400857426_5592983661439479538_n.jpg\" alt=\"19642220 1592227400857426 5592983661439479538 n\" width=\"265\" height=\"149\" data-srcset=\"https:\/\/alzira.es\/wp-content\/uploads\/2018\/01\/19642220_1592227400857426_5592983661439479538_n.jpg 960w, https:\/\/alzira.es\/wp-content\/uploads\/2018\/01\/19642220_1592227400857426_5592983661439479538_n-680x383.jpg 680w, https:\/\/alzira.es\/wp-content\/uploads\/2018\/01\/19642220_1592227400857426_5592983661439479538_n-768x432.jpg 768w\" data-sizes=\"(max-width: 265px) 100vw, 265px\" src=\"data:image\/svg+xml;base64,PHN2ZyB3aWR0aD0iMSIgaGVpZ2h0PSIxIiB4bWxucz0iaHR0cDovL3d3dy53My5vcmcvMjAwMC9zdmciPjwvc3ZnPg==\" style=\"--smush-placeholder-width: 265px; --smush-placeholder-aspect-ratio: 265\/149;\" \/><\/a>&nbsp;<a class=\"jcepopup\" style=\"font-size: 14.4px; text-align: center;\" title=\"Process\u00f3 de Sant Antoni\" type=\"image\" href=\"https:\/\/alzira.es\/wp-content\/uploads\/2018\/01\/26814955_1592227297524103_3836291277815374437_n.jpg\" target=\"_blank\" rel=\"noopener\"><img decoding=\"async\" class=\"size-full wp-image-26953 lazyload\" title=\"Process\u00f3 de Sant Antoni\" data-src=\"https:\/\/alzira.es\/wp-content\/uploads\/2018\/01\/26814955_1592227297524103_3836291277815374437_n.jpg\" alt=\"26814955 1592227297524103 3836291277815374437 n\" width=\"265\" height=\"149\" data-srcset=\"https:\/\/alzira.es\/wp-content\/uploads\/2018\/01\/26814955_1592227297524103_3836291277815374437_n.jpg 960w, https:\/\/alzira.es\/wp-content\/uploads\/2018\/01\/26814955_1592227297524103_3836291277815374437_n-680x383.jpg 680w, https:\/\/alzira.es\/wp-content\/uploads\/2018\/01\/26814955_1592227297524103_3836291277815374437_n-768x432.jpg 768w\" data-sizes=\"(max-width: 265px) 100vw, 265px\" src=\"data:image\/svg+xml;base64,PHN2ZyB3aWR0aD0iMSIgaGVpZ2h0PSIxIiB4bWxucz0iaHR0cDovL3d3dy53My5vcmcvMjAwMC9zdmciPjwvc3ZnPg==\" style=\"--smush-placeholder-width: 265px; --smush-placeholder-aspect-ratio: 265\/149;\" \/><\/a>&nbsp;<a class=\"jcepopup\" style=\"font-size: 14.4px; text-align: center;\" title=\"Process\u00f3 de Sant Antoni\" type=\"image\" href=\"https:\/\/alzira.es\/wp-content\/uploads\/2018\/01\/26906951_1592227824190717_3432634816196592619_n.jpg\" target=\"_blank\" rel=\"noopener\"><img decoding=\"async\" class=\"size-full wp-image-26955 lazyload\" title=\"Process\u00f3 de Sant Antoni\" data-src=\"https:\/\/alzira.es\/wp-content\/uploads\/2018\/01\/26906951_1592227824190717_3432634816196592619_n.jpg\" alt=\"26906951 1592227824190717 3432634816196592619 n\" width=\"265\" height=\"149\" data-srcset=\"https:\/\/alzira.es\/wp-content\/uploads\/2018\/01\/26906951_1592227824190717_3432634816196592619_n.jpg 960w, https:\/\/alzira.es\/wp-content\/uploads\/2018\/01\/26906951_1592227824190717_3432634816196592619_n-680x383.jpg 680w, https:\/\/alzira.es\/wp-content\/uploads\/2018\/01\/26906951_1592227824190717_3432634816196592619_n-768x432.jpg 768w\" data-sizes=\"(max-width: 265px) 100vw, 265px\" src=\"data:image\/svg+xml;base64,PHN2ZyB3aWR0aD0iMSIgaGVpZ2h0PSIxIiB4bWxucz0iaHR0cDovL3d3dy53My5vcmcvMjAwMC9zdmciPjwvc3ZnPg==\" style=\"--smush-placeholder-width: 265px; --smush-placeholder-aspect-ratio: 265\/149;\" \/><\/a><\/p>\n","protected":false},"excerpt":{"rendered":"<p>Alzira,&nbsp;20 de enero 2018.- Esta tarde se ha celebrado la tradicional procesi\u00f3n de Sant Antoni, en la que los alzire\u00f1os y alzire\u00f1as han sacado en el calle a sus mascotas para que sean bendecidas. Una procesi\u00f3n que re\u00fane a gran cantidad de p\u00fablico por los calles de la ciudad y a la que tambi\u00e9n han &hellip; <\/p>\n<p class=\"link-more\"><a href=\"https:\/\/alzira.es\/es\/processo-de-sant-antoni\/\" class=\"more-link\">Continuar leyendo<span class=\"screen-reader-text\"> \u00abProcesi\u00f3n de Sant Antoni\u00bb<\/span><\/a><\/p>\n","protected":false},"author":29,"featured_media":26951,"comment_status":"","ping_status":"","sticky":false,"template":"","format":"standard","meta":{"_acf_changed":false,"footnotes":""},"categories":[4936],"tags":[],"class_list":["post-26957","post","type-post","status-publish","format-standard","has-post-thumbnail","hentry","category-hemeroteca-es"],"acf":[],"_links":{"self":[{"href":"https:\/\/alzira.es\/es\/wp-json\/wp\/v2\/posts\/26957","targetHints":{"allow":["GET"]}}],"collection":[{"href":"https:\/\/alzira.es\/es\/wp-json\/wp\/v2\/posts"}],"about":[{"href":"https:\/\/alzira.es\/es\/wp-json\/wp\/v2\/types\/post"}],"author":[{"embeddable":true,"href":"https:\/\/alzira.es\/es\/wp-json\/wp\/v2\/users\/29"}],"replies":[{"embeddable":true,"href":"https:\/\/alzira.es\/es\/wp-json\/wp\/v2\/comments?post=26957"}],"version-history":[{"count":0,"href":"https:\/\/alzira.es\/es\/wp-json\/wp\/v2\/posts\/26957\/revisions"}],"wp:featuredmedia":[{"embeddable":true,"href":"https:\/\/alzira.es\/es\/wp-json\/wp\/v2\/media\/26951"}],"wp:attachment":[{"href":"https:\/\/alzira.es\/es\/wp-json\/wp\/v2\/media?parent=26957"}],"wp:term":[{"taxonomy":"category","embeddable":true,"href":"https:\/\/alzira.es\/es\/wp-json\/wp\/v2\/categories?post=26957"},{"taxonomy":"post_tag","embeddable":true,"href":"https:\/\/alzira.es\/es\/wp-json\/wp\/v2\/tags?post=26957"}],"curies":[{"name":"wp","href":"https:\/\/api.w.org\/{rel}","templated":true}]}}