{"id":26903,"date":"2018-01-18T10:26:14","date_gmt":"2018-01-18T09:26:14","guid":{"rendered":"https:\/\/alzira.es\/alzira-millora-l-accessibilitat-dins-de-la-ciutat-amb-un-projecte-de-rebaix-de-voreres\/"},"modified":"2018-01-18T10:26:14","modified_gmt":"2018-01-18T09:26:14","slug":"alzira-millora-l-accessibilitat-dins-de-la-ciutat-amb-un-projecte-de-rebaix-de-voreres","status":"publish","type":"post","link":"https:\/\/alzira.es\/es\/alzira-millora-l-accessibilitat-dins-de-la-ciutat-amb-un-projecte-de-rebaix-de-voreres\/","title":{"rendered":"Alzira millora l\u2019accessibilitat dins de la ciutat amb un projecte de rebaix de voreres"},"content":{"rendered":"<p style=\"text-align: justify;\">18 de gener de 2018 \u2013 Un projecte d&#8217;accessibilitat amb 97 actuacions, en diferents carrers d&#8217;Alzira, facilitaran la mobilitat dels vianants per la ciutat, fent m\u00e9s c\u00f2mode el tr\u00e0nsit diari per les diferents zones i barris.<\/p>\n<p style=\"text-align: justify;\">Les esmentades actuacions consistixen en el rebaix de voreres dels encreuaments de carrers, per la qual cosa s&#8217;ha dividit la ciutat en cinc zones, donant inici per la zona 3 on estan situats els seg\u00fcents encreuaments: avinguda Josep Pau Margantoni amb els carrers Pere Pompili, Camilo Dol\u00e7, Mestre Moscard\u00f3, Vicente P\u00e9rez Pelufo, Teodoro Andreu i \u00c1ngel de Alc\u00e1zar, carrer Dr. Llen\u00e7ol amb Camilo Dol\u00e7 i, finalment, carrer Dr. Llen\u00e7ol, Santa Caterina i Pintor Teodoro Andreu.<br \/>Des del departament responsable es vol informar que estes obres, dividides en cinc zones, per esta ra\u00f3, l&#8217;Ajuntament d&#8217;Alzira ha volgut informar els ve\u00efns i ve\u00efnes dels carrers afectats, per tal que estiguen assabentats de les actuacions que es realitzaran.<\/p>\n<p style=\"text-align: justify;\">Segons declara Fernando Pascual, regidor de Gesti\u00f3 Urban\u00edstica, \u00abja fa temps que estem realitzant diferents actuacions de rebaix o ampliaci\u00f3 de voreres i condicionament d&#8217;alguns carrers perqu\u00e8 els vianants puguen accedir caminant amb tota seguretat, per\u00f2 el que ens ocupa ara mateix \u00e9s un projecte d&#8217;accessibilitat amb el rebaix de voreres d&#8217;encreuaments de carrers, actuacions que sens dubte far\u00e0 m\u00e9s f\u00e0cil i c\u00f2mode el tr\u00e0nsit dels vianants per la ciutat. Recordem que una de les prioritats d&#8217;este equip de govern<br \/>\u00e9s mirar primer per les persones i tindre una Alzira c\u00f2moda, actual i sostenible\u00bb.<\/p>\n<p style=\"text-align: center;\"><a class=\"jcepopup\" title=\"Alzira millora l\u2019accessibilitat dins de la ciutat amb un projecte de rebaix de voreres\" href=\"https:\/\/alzira.es\/wp-content\/uploads\/2018\/01\/20180117_131551.jpg\" target=\"_blank\" rel=\"noopener\"><img fetchpriority=\"high\" decoding=\"async\" class=\" size-full wp-image-26896\" title=\"Alzira millora l\u2019accessibilitat dins de la ciutat amb un projecte de rebaix de voreres\" src=\"https:\/\/alzira.es\/wp-content\/uploads\/2018\/01\/20180117_131551.jpg\" alt=\"20180117 131551\" width=\"350\" height=\"197\" srcset=\"https:\/\/alzira.es\/wp-content\/uploads\/2018\/01\/20180117_131551.jpg 1200w, https:\/\/alzira.es\/wp-content\/uploads\/2018\/01\/20180117_131551-680x383.jpg 680w, https:\/\/alzira.es\/wp-content\/uploads\/2018\/01\/20180117_131551-768x432.jpg 768w\" sizes=\"(max-width: 350px) 100vw, 350px\" \/><\/a>&nbsp;<a class=\"jcepopup\" style=\"font-size: 14.4px; text-align: center;\" title=\"Alzira millora l\u2019accessibilitat dins de la ciutat amb un projecte de rebaix de voreres\" type=\"image\" href=\"https:\/\/alzira.es\/wp-content\/uploads\/2018\/01\/20180117_131552.jpg\" target=\"_blank\" rel=\"noopener\"><img decoding=\"async\" class=\"size-full wp-image-26898 lazyload\" title=\"Alzira millora l\u2019accessibilitat dins de la ciutat amb un projecte de rebaix de voreres\" data-src=\"https:\/\/alzira.es\/wp-content\/uploads\/2018\/01\/20180117_131552.jpg\" alt=\"20180117 131552\" width=\"234\" height=\"197\" data-srcset=\"https:\/\/alzira.es\/wp-content\/uploads\/2018\/01\/20180117_131552.jpg 1200w, https:\/\/alzira.es\/wp-content\/uploads\/2018\/01\/20180117_131552-605x510.jpg 605w, https:\/\/alzira.es\/wp-content\/uploads\/2018\/01\/20180117_131552-768x647.jpg 768w\" data-sizes=\"(max-width: 234px) 100vw, 234px\" src=\"data:image\/svg+xml;base64,PHN2ZyB3aWR0aD0iMSIgaGVpZ2h0PSIxIiB4bWxucz0iaHR0cDovL3d3dy53My5vcmcvMjAwMC9zdmciPjwvc3ZnPg==\" style=\"--smush-placeholder-width: 234px; --smush-placeholder-aspect-ratio: 234\/197;\" \/><\/a>&nbsp;<a class=\"jcepopup\" style=\"font-size: 14.4px; text-align: center;\" title=\"Alzira millora l\u2019accessibilitat dins de la ciutat amb un projecte de rebaix de voreres\" type=\"image\" href=\"https:\/\/alzira.es\/wp-content\/uploads\/2018\/01\/20180117_131553.jpg\" target=\"_blank\" rel=\"noopener\"><img decoding=\"async\" class=\"size-full wp-image-26900 lazyload\" title=\"Alzira millora l\u2019accessibilitat dins de la ciutat amb un projecte de rebaix de voreres\" data-src=\"https:\/\/alzira.es\/wp-content\/uploads\/2018\/01\/20180117_131553.jpg\" alt=\"20180117 131553\" width=\"233\" height=\"197\" data-srcset=\"https:\/\/alzira.es\/wp-content\/uploads\/2018\/01\/20180117_131553.jpg 1200w, https:\/\/alzira.es\/wp-content\/uploads\/2018\/01\/20180117_131553-604x510.jpg 604w, https:\/\/alzira.es\/wp-content\/uploads\/2018\/01\/20180117_131553-768x648.jpg 768w\" data-sizes=\"(max-width: 233px) 100vw, 233px\" src=\"data:image\/svg+xml;base64,PHN2ZyB3aWR0aD0iMSIgaGVpZ2h0PSIxIiB4bWxucz0iaHR0cDovL3d3dy53My5vcmcvMjAwMC9zdmciPjwvc3ZnPg==\" style=\"--smush-placeholder-width: 233px; --smush-placeholder-aspect-ratio: 233\/197;\" \/><\/a><\/p>\n","protected":false},"excerpt":{"rendered":"<p>18 de gener de 2018 \u2013 Un projecte d&#8217;accessibilitat amb 97 actuacions, en diferents carrers d&#8217;Alzira, facilitaran la mobilitat dels vianants per la ciutat, fent m\u00e9s c\u00f2mode el tr\u00e0nsit diari per les diferents zones i barris. Les esmentades actuacions consistixen en el rebaix de voreres dels encreuaments de carrers, per la qual cosa s&#8217;ha dividit &hellip; <\/p>\n<p class=\"link-more\"><a href=\"https:\/\/alzira.es\/es\/alzira-millora-l-accessibilitat-dins-de-la-ciutat-amb-un-projecte-de-rebaix-de-voreres\/\" class=\"more-link\">Continuar leyendo<span class=\"screen-reader-text\"> \u00abAlzira millora l\u2019accessibilitat dins de la ciutat amb un projecte de rebaix de voreres\u00bb<\/span><\/a><\/p>\n","protected":false},"author":29,"featured_media":26896,"comment_status":"","ping_status":"","sticky":false,"template":"","format":"standard","meta":{"_acf_changed":false,"footnotes":""},"categories":[1893],"tags":[],"class_list":["post-26903","post","type-post","status-publish","format-standard","has-post-thumbnail","hentry","category-hemeroteca"],"acf":[],"_links":{"self":[{"href":"https:\/\/alzira.es\/es\/wp-json\/wp\/v2\/posts\/26903","targetHints":{"allow":["GET"]}}],"collection":[{"href":"https:\/\/alzira.es\/es\/wp-json\/wp\/v2\/posts"}],"about":[{"href":"https:\/\/alzira.es\/es\/wp-json\/wp\/v2\/types\/post"}],"author":[{"embeddable":true,"href":"https:\/\/alzira.es\/es\/wp-json\/wp\/v2\/users\/29"}],"replies":[{"embeddable":true,"href":"https:\/\/alzira.es\/es\/wp-json\/wp\/v2\/comments?post=26903"}],"version-history":[{"count":0,"href":"https:\/\/alzira.es\/es\/wp-json\/wp\/v2\/posts\/26903\/revisions"}],"wp:featuredmedia":[{"embeddable":true,"href":"https:\/\/alzira.es\/es\/wp-json\/wp\/v2\/media\/26896"}],"wp:attachment":[{"href":"https:\/\/alzira.es\/es\/wp-json\/wp\/v2\/media?parent=26903"}],"wp:term":[{"taxonomy":"category","embeddable":true,"href":"https:\/\/alzira.es\/es\/wp-json\/wp\/v2\/categories?post=26903"},{"taxonomy":"post_tag","embeddable":true,"href":"https:\/\/alzira.es\/es\/wp-json\/wp\/v2\/tags?post=26903"}],"curies":[{"name":"wp","href":"https:\/\/api.w.org\/{rel}","templated":true}]}}