{"id":26867,"date":"2018-01-16T18:00:56","date_gmt":"2018-01-16T17:00:56","guid":{"rendered":"https:\/\/alzira.es\/i-setmana-cultural-falla-caputxins\/"},"modified":"2018-01-16T18:00:56","modified_gmt":"2018-01-16T17:00:56","slug":"i-setmana-cultural-falla-caputxins","status":"publish","type":"post","link":"https:\/\/alzira.es\/es\/i-setmana-cultural-falla-caputxins\/","title":{"rendered":"I Setmana Cultural Falla Caputxins"},"content":{"rendered":"<p style=\"text-align: justify;\">Alzira, 16 de gener 2018.- Ahir les instal\u00b7lacions del Cercle Alzireny La Gallera va acollir l&#8217;exposici\u00f3 del 75 aniversari de la Falla Caputxins dins dels actes programats en la Primera Setmana Cultural que celebra aquesta comissi\u00f3, en la que Aureli\u00e0 Lair\u00f3n, Arxiver Municipal, va oferir una confer\u00e8ncia sobre la hist\u00f2ria de Capuntxins.<\/p>\n<p style=\"text-align: justify;\">A l&#8217;acte d&#8217;inauguraci\u00f3 van assistir la Fallera Major Infantil d&#8217;Alzira, Aitana Carb\u00f3, l&#8217;alcalde, Diego G\u00f3mez, la vicealcaldessa i regidora de Festes, Isabel Aguilar, el regidor de Gesti\u00f3 Urban\u00edstica, Fernando Pascual, el regidor d&#8217;Educaci\u00f3 i Inf\u00e0ncia, Pepe Grau i els regidors de corporaci\u00f3 municipal, Enrique Montalv\u00e1 i Maria Jos\u00e9 Ll\u00f3pis.<\/p>\n<p style=\"text-align: justify;\">Recordem que dins dels diferents actes d&#8217;esta \u00abI Setmana Cultural\u00bb de la Falla Caputxins, dem\u00e0 dimecres a les 20.00 hores al Cercle Alzireny La Gallera, el regidor d&#8217;Educaci\u00f3 i m\u00fasic, Pepe Grau, oferir\u00e0 una xarrada amb el tema \u00abLa m\u00fasica a les Falles\u00bb<\/p>\n<p style=\"text-align: center;\"><a class=\"jcepopup\" title=\"I Setmana Cultural Falla Caputxins\" href=\"https:\/\/alzira.es\/wp-content\/uploads\/2018\/01\/26730768_1587900767956756_9103561946045118159_n.jpg\" target=\"_blank\" rel=\"noopener\"><img fetchpriority=\"high\" decoding=\"async\" class=\" size-full wp-image-26862\" title=\"I Setmana Cultural Falla Caputxins\" src=\"https:\/\/alzira.es\/wp-content\/uploads\/2018\/01\/26730768_1587900767956756_9103561946045118159_n.jpg\" alt=\"26730768 1587900767956756 9103561946045118159 n\" width=\"400\" height=\"267\" srcset=\"https:\/\/alzira.es\/wp-content\/uploads\/2018\/01\/26730768_1587900767956756_9103561946045118159_n.jpg 960w, https:\/\/alzira.es\/wp-content\/uploads\/2018\/01\/26730768_1587900767956756_9103561946045118159_n-680x453.jpg 680w, https:\/\/alzira.es\/wp-content\/uploads\/2018\/01\/26730768_1587900767956756_9103561946045118159_n-768x512.jpg 768w\" sizes=\"(max-width: 400px) 100vw, 400px\" \/><\/a>&nbsp;<a class=\"jcepopup\" style=\"font-size: 14.4px; text-align: center;\" title=\"I Setmana Cultural Falla Caputxins\" type=\"image\" href=\"https:\/\/alzira.es\/wp-content\/uploads\/2018\/01\/26731430_1587900531290113_396340429816401735_n.jpg\" target=\"_blank\" rel=\"noopener\"><img decoding=\"async\" class=\"size-full wp-image-26865 lazyload\" title=\"I Setmana Cultural Falla Caputxins\" data-src=\"https:\/\/alzira.es\/wp-content\/uploads\/2018\/01\/26731430_1587900531290113_396340429816401735_n.jpg\" alt=\"26731430 1587900531290113 396340429816401735 n\" width=\"400\" height=\"267\" data-srcset=\"https:\/\/alzira.es\/wp-content\/uploads\/2018\/01\/26731430_1587900531290113_396340429816401735_n.jpg 960w, https:\/\/alzira.es\/wp-content\/uploads\/2018\/01\/26731430_1587900531290113_396340429816401735_n-680x453.jpg 680w, https:\/\/alzira.es\/wp-content\/uploads\/2018\/01\/26731430_1587900531290113_396340429816401735_n-768x512.jpg 768w\" data-sizes=\"(max-width: 400px) 100vw, 400px\" src=\"data:image\/svg+xml;base64,PHN2ZyB3aWR0aD0iMSIgaGVpZ2h0PSIxIiB4bWxucz0iaHR0cDovL3d3dy53My5vcmcvMjAwMC9zdmciPjwvc3ZnPg==\" style=\"--smush-placeholder-width: 400px; --smush-placeholder-aspect-ratio: 400\/267;\" \/><\/a><\/p>\n","protected":false},"excerpt":{"rendered":"<p>Alzira, 16 de gener 2018.- Ahir les instal\u00b7lacions del Cercle Alzireny La Gallera va acollir l&#8217;exposici\u00f3 del 75 aniversari de la Falla Caputxins dins dels actes programats en la Primera Setmana Cultural que celebra aquesta comissi\u00f3, en la que Aureli\u00e0 Lair\u00f3n, Arxiver Municipal, va oferir una confer\u00e8ncia sobre la hist\u00f2ria de Capuntxins. A l&#8217;acte d&#8217;inauguraci\u00f3 &hellip; <\/p>\n<p class=\"link-more\"><a href=\"https:\/\/alzira.es\/es\/i-setmana-cultural-falla-caputxins\/\" class=\"more-link\">Continuar leyendo<span class=\"screen-reader-text\"> \u00abI Setmana Cultural Falla Caputxins\u00bb<\/span><\/a><\/p>\n","protected":false},"author":29,"featured_media":26862,"comment_status":"","ping_status":"","sticky":false,"template":"","format":"standard","meta":{"_acf_changed":false,"footnotes":""},"categories":[1893],"tags":[],"class_list":["post-26867","post","type-post","status-publish","format-standard","has-post-thumbnail","hentry","category-hemeroteca"],"acf":[],"_links":{"self":[{"href":"https:\/\/alzira.es\/es\/wp-json\/wp\/v2\/posts\/26867","targetHints":{"allow":["GET"]}}],"collection":[{"href":"https:\/\/alzira.es\/es\/wp-json\/wp\/v2\/posts"}],"about":[{"href":"https:\/\/alzira.es\/es\/wp-json\/wp\/v2\/types\/post"}],"author":[{"embeddable":true,"href":"https:\/\/alzira.es\/es\/wp-json\/wp\/v2\/users\/29"}],"replies":[{"embeddable":true,"href":"https:\/\/alzira.es\/es\/wp-json\/wp\/v2\/comments?post=26867"}],"version-history":[{"count":0,"href":"https:\/\/alzira.es\/es\/wp-json\/wp\/v2\/posts\/26867\/revisions"}],"wp:featuredmedia":[{"embeddable":true,"href":"https:\/\/alzira.es\/es\/wp-json\/wp\/v2\/media\/26862"}],"wp:attachment":[{"href":"https:\/\/alzira.es\/es\/wp-json\/wp\/v2\/media?parent=26867"}],"wp:term":[{"taxonomy":"category","embeddable":true,"href":"https:\/\/alzira.es\/es\/wp-json\/wp\/v2\/categories?post=26867"},{"taxonomy":"post_tag","embeddable":true,"href":"https:\/\/alzira.es\/es\/wp-json\/wp\/v2\/tags?post=26867"}],"curies":[{"name":"wp","href":"https:\/\/api.w.org\/{rel}","templated":true}]}}