{"id":26853,"date":"2018-01-17T12:00:59","date_gmt":"2018-01-17T11:00:59","guid":{"rendered":"https:\/\/alzira.es\/alzira-participa-en-la-formacio-jove-2018-riberaenxarxa\/"},"modified":"2018-01-17T12:00:59","modified_gmt":"2018-01-17T11:00:59","slug":"alzira-participa-en-la-formacio-jove-2018-riberaenxarxa","status":"publish","type":"post","link":"https:\/\/alzira.es\/es\/alzira-participa-en-la-formacio-jove-2018-riberaenxarxa\/","title":{"rendered":"Alzira participa en la formaci\u00f3 jove 2018 #RiberaenXarxa"},"content":{"rendered":"<p style=\"text-align: justify;\">Alzira, 17 de gener 2018.- L&#8217;Ajuntament d&#8217;Alzira, junt amb el de Benifai\u00f3, Carcaixent i la Pobla Llarga, organitza un any m\u00e9s el curs de monitor\/a d&#8217;activitats de temps lliure educatiu infantil i juvenil que s&#8217;emmarca dins de la formaci\u00f3 jove 2018 #RiberaenXarxa i que est\u00e0 homologat per l&#8217;IVAJ. Un curs de 310 hores (una etapa lectiva de 150 i altra pr\u00e0ctica de 160 hores) que es fa de manera itinerant pels pobles organitzadors, dissabtes de mat\u00ed, i t\u00e9 un preu de 150 euros. T\u00e9 previst donar inici a finals del mes de gener.<\/p>\n<p style=\"text-align: justify;\">\u00abEs tracta d&#8217;una formaci\u00f3 molt demandada, que en totes les edicions anteriors ha cobert la totalitat de les places oferides. El curs \u00e9s necessari per a poder dedicar-se a l&#8217;educaci\u00f3 en el temps lliure, tant a nivell professional com des del camp del voluntariat, en activitats com les escoles d&#8217;estiu, campaments, associacions&#8230; \u00bb assegura Albert Furi\u00f3, regidor de Joventut.<\/p>\n<p style=\"text-align: justify;\">A m\u00e9s, s&#8217;oferixen diferents cursos de formaci\u00f3 permanent:<\/p>\n<p style=\"text-align: justify; margin-left: 30px;\">&#8211; Prevenci\u00f3 del bullying en activitats de temps lliure infantil i juvenil, a la Pobla Llarga al mes de febrer, amb una duraci\u00f3 de 20 hores i amb un preu de 30 euros.<br \/>&#8211; Manipulador\/-a d&#8217;aliments, al mes de mar\u00e7 a Alzira, amb una duraci\u00f3 de 4 hores i un preu de 8 euros.<br \/>&#8211; Introducci\u00f3 al llenguatge de signes (FESORD), a dur a terme en el mes d&#8217;abril Carcaixent, amb una durada de 25 hores i un preu de 35 euros.<br \/>&#8211; Nous temps, nous jocs, al mes de maig a Alzira, amb una durada de 20 hores i un preu de 30 euros.<br \/>&#8211; Educador de menjador, que est\u00e0 previst per a novembre a Benifai\u00f3, amb una durada de 20 hores i un preu de 30 euros.<br \/>&#8211; Manipulador\/a d&#8217;aliments, al mes de desembre a Benifai\u00f3, amb una durada de 4 hores i un preu de 8 euros.<\/p>\n<p style=\"text-align: justify;\">Les persones interessades a participar en qualsevol d&#8217;estos cursos pot acudir al Centre d&#8217;Informaci\u00f3 Juvenil d&#8217;Alzira, c\/Escoles Pies, 4, cridar al tel\u00e8fon 962 417 407 o enviar un correu electr\u00f2nic a joventut@alzira.es. Les places s\u00f3n limitades.<\/p>\n","protected":false},"excerpt":{"rendered":"<p>Alzira, 17 de gener 2018.- L&#8217;Ajuntament d&#8217;Alzira, junt amb el de Benifai\u00f3, Carcaixent i la Pobla Llarga, organitza un any m\u00e9s el curs de monitor\/a d&#8217;activitats de temps lliure educatiu infantil i juvenil que s&#8217;emmarca dins de la formaci\u00f3 jove 2018 #RiberaenXarxa i que est\u00e0 homologat per l&#8217;IVAJ. Un curs de 310 hores (una etapa &hellip; <\/p>\n<p class=\"link-more\"><a href=\"https:\/\/alzira.es\/es\/alzira-participa-en-la-formacio-jove-2018-riberaenxarxa\/\" class=\"more-link\">Continuar leyendo<span class=\"screen-reader-text\"> \u00abAlzira participa en la formaci\u00f3 jove 2018 #RiberaenXarxa\u00bb<\/span><\/a><\/p>\n","protected":false},"author":29,"featured_media":0,"comment_status":"","ping_status":"","sticky":false,"template":"","format":"standard","meta":{"_acf_changed":false,"footnotes":""},"categories":[1893],"tags":[],"class_list":["post-26853","post","type-post","status-publish","format-standard","hentry","category-hemeroteca"],"acf":[],"_links":{"self":[{"href":"https:\/\/alzira.es\/es\/wp-json\/wp\/v2\/posts\/26853","targetHints":{"allow":["GET"]}}],"collection":[{"href":"https:\/\/alzira.es\/es\/wp-json\/wp\/v2\/posts"}],"about":[{"href":"https:\/\/alzira.es\/es\/wp-json\/wp\/v2\/types\/post"}],"author":[{"embeddable":true,"href":"https:\/\/alzira.es\/es\/wp-json\/wp\/v2\/users\/29"}],"replies":[{"embeddable":true,"href":"https:\/\/alzira.es\/es\/wp-json\/wp\/v2\/comments?post=26853"}],"version-history":[{"count":0,"href":"https:\/\/alzira.es\/es\/wp-json\/wp\/v2\/posts\/26853\/revisions"}],"wp:attachment":[{"href":"https:\/\/alzira.es\/es\/wp-json\/wp\/v2\/media?parent=26853"}],"wp:term":[{"taxonomy":"category","embeddable":true,"href":"https:\/\/alzira.es\/es\/wp-json\/wp\/v2\/categories?post=26853"},{"taxonomy":"post_tag","embeddable":true,"href":"https:\/\/alzira.es\/es\/wp-json\/wp\/v2\/tags?post=26853"}],"curies":[{"name":"wp","href":"https:\/\/api.w.org\/{rel}","templated":true}]}}