{"id":26801,"date":"2018-01-12T09:12:45","date_gmt":"2018-01-12T08:12:45","guid":{"rendered":"https:\/\/alzira.es\/l-oci-alternatiu-nocturn-torna-hui-a-alzira\/"},"modified":"2018-01-12T09:12:45","modified_gmt":"2018-01-12T08:12:45","slug":"l-oci-alternatiu-nocturn-torna-hui-a-alzira","status":"publish","type":"post","link":"https:\/\/alzira.es\/es\/l-oci-alternatiu-nocturn-torna-hui-a-alzira\/","title":{"rendered":"L\u2019oci alternatiu nocturn torna hui a Alzira"},"content":{"rendered":"<p style=\"text-align: justify;\">Alzira, 12 de gener 2018.- El Centre d&#8217;Informaci\u00f3 Juvenil d&#8217;Alzira ha programat diferents activitats d&#8217;oci dirigides als m\u00e9s joves de la ciutat.<\/p>\n<p style=\"text-align: justify;\">La Regidoria de Joventut torna a organitzar oci alternatiu nocturn a Alzira amb l&#8217;activitat de Musical i amb un Taller de Trapillo, a partir de les huit d&#8217;esta vesprada a la Casa de la Cultura.<\/p>\n<p style=\"text-align: justify;\">A m\u00e9s hi ha m\u00e9s activitats previstes per al mes de gener i febrer. Dins de l&#8217;oci alternatiu, hi haur\u00e0 una altra activitat de Musical el 26 de gener, aix\u00ed com els dies 9, 16 i 23 de febrer. A partir de les huit de la vesprada a la Casa de la Cultura.<\/p>\n<p style=\"text-align: justify;\">Tamb\u00e9 est\u00e0 prevista una master class de zumba per al 19 de gener i per al 2 de febrer, a partir de les huit de la vesprada a la Casa de la Cultura.<\/p>\n<p style=\"text-align: justify;\">Al pavell\u00f3 Fontana Mogort s&#8217;ha programat un taller de ioga per al 27 de gener, a partir de les huit de la vesprada.<\/p>\n<p style=\"text-align: justify;\">Pel que fa a les Nits Esportives, la primera de 2018 est\u00e0 prevista per al 27 de gener. Tamb\u00e9 hi ha programades per als dies 24 de febrer, 24 de mar\u00e7, 28 d&#8217;abril i 26 de maig, a les 20.30 hores al Pavell\u00f3 Fontana Mogort. Els joves interessats a participar en les Nits Esportives, on es podr\u00e0 jugar a b\u00e0squet, futbol sala o voleibol, com en altres edicions, han de dur esportives que no s&#8217;utilitzen pel carrer.<\/p>\n<p style=\"text-align: justify;\">Recordem que estes activitats s\u00f3n gratu\u00eftes per a joves a partir de 12 anys. Per a m\u00e9s informaci\u00f3 i inscripcions els interessats han d&#8217;acudir al CIJ, al carrer Escoles Pies, 4 en horari de dilluns a divendres de 10.30 a 14 hores i de 17 a 19.30 hores, de dilluns a dijous. Tamb\u00e9 es pot cridar per tel\u00e8fon al 96 241 74 07 o 96 241 57 56.<\/p>\n<p style=\"text-align: center;\"><a class=\"jcepopup\" title=\"oci alternatiu nocturn\" href=\"https:\/\/alzira.es\/wp-content\/uploads\/2018\/01\/nits_esportives_gener_abril.jpg\" target=\"_blank\" rel=\"noopener\"><img fetchpriority=\"high\" decoding=\"async\" class=\" size-full wp-image-26798\" title=\"L\u2019oci alternatiu nocturn torna hui a Alzira\" src=\"https:\/\/alzira.es\/wp-content\/uploads\/2018\/01\/nits_esportives_gener_abril.jpg\" alt=\"nits esportives gener abril\" width=\"800\" height=\"1131\" srcset=\"https:\/\/alzira.es\/wp-content\/uploads\/2018\/01\/nits_esportives_gener_abril.jpg 1200w, https:\/\/alzira.es\/wp-content\/uploads\/2018\/01\/nits_esportives_gener_abril-361x510.jpg 361w, https:\/\/alzira.es\/wp-content\/uploads\/2018\/01\/nits_esportives_gener_abril-758x1072.jpg 758w, https:\/\/alzira.es\/wp-content\/uploads\/2018\/01\/nits_esportives_gener_abril-768x1086.jpg 768w, https:\/\/alzira.es\/wp-content\/uploads\/2018\/01\/nits_esportives_gener_abril-1086x1536.jpg 1086w\" sizes=\"(max-width: 706px) 89vw, (max-width: 767px) 82vw, 740px\" \/><\/a><\/p>\n","protected":false},"excerpt":{"rendered":"<p>Alzira, 12 de gener 2018.- El Centre d&#8217;Informaci\u00f3 Juvenil d&#8217;Alzira ha programat diferents activitats d&#8217;oci dirigides als m\u00e9s joves de la ciutat. La Regidoria de Joventut torna a organitzar oci alternatiu nocturn a Alzira amb l&#8217;activitat de Musical i amb un Taller de Trapillo, a partir de les huit d&#8217;esta vesprada a la Casa de &hellip; <\/p>\n<p class=\"link-more\"><a href=\"https:\/\/alzira.es\/es\/l-oci-alternatiu-nocturn-torna-hui-a-alzira\/\" class=\"more-link\">Continuar leyendo<span class=\"screen-reader-text\"> \u00abL\u2019oci alternatiu nocturn torna hui a Alzira\u00bb<\/span><\/a><\/p>\n","protected":false},"author":29,"featured_media":26799,"comment_status":"","ping_status":"","sticky":false,"template":"","format":"standard","meta":{"_acf_changed":false,"footnotes":""},"categories":[1893],"tags":[],"class_list":["post-26801","post","type-post","status-publish","format-standard","has-post-thumbnail","hentry","category-hemeroteca"],"acf":[],"_links":{"self":[{"href":"https:\/\/alzira.es\/es\/wp-json\/wp\/v2\/posts\/26801","targetHints":{"allow":["GET"]}}],"collection":[{"href":"https:\/\/alzira.es\/es\/wp-json\/wp\/v2\/posts"}],"about":[{"href":"https:\/\/alzira.es\/es\/wp-json\/wp\/v2\/types\/post"}],"author":[{"embeddable":true,"href":"https:\/\/alzira.es\/es\/wp-json\/wp\/v2\/users\/29"}],"replies":[{"embeddable":true,"href":"https:\/\/alzira.es\/es\/wp-json\/wp\/v2\/comments?post=26801"}],"version-history":[{"count":0,"href":"https:\/\/alzira.es\/es\/wp-json\/wp\/v2\/posts\/26801\/revisions"}],"wp:featuredmedia":[{"embeddable":true,"href":"https:\/\/alzira.es\/es\/wp-json\/wp\/v2\/media\/26799"}],"wp:attachment":[{"href":"https:\/\/alzira.es\/es\/wp-json\/wp\/v2\/media?parent=26801"}],"wp:term":[{"taxonomy":"category","embeddable":true,"href":"https:\/\/alzira.es\/es\/wp-json\/wp\/v2\/categories?post=26801"},{"taxonomy":"post_tag","embeddable":true,"href":"https:\/\/alzira.es\/es\/wp-json\/wp\/v2\/tags?post=26801"}],"curies":[{"name":"wp","href":"https:\/\/api.w.org\/{rel}","templated":true}]}}