{"id":26786,"date":"2018-01-12T08:54:43","date_gmt":"2018-01-12T07:54:43","guid":{"rendered":"https:\/\/alzira.es\/l-ajuntament-d-alzira-posa-en-marxa-l-oficina-d-atencio-als-afectats-per-la-regularitzacio-cadastral\/"},"modified":"2018-01-12T08:54:43","modified_gmt":"2018-01-12T07:54:43","slug":"l-ajuntament-d-alzira-posa-en-marxa-l-oficina-d-atencio-als-afectats-per-la-regularitzacio-cadastral","status":"publish","type":"post","link":"https:\/\/alzira.es\/es\/l-ajuntament-d-alzira-posa-en-marxa-l-oficina-d-atencio-als-afectats-per-la-regularitzacio-cadastral\/","title":{"rendered":"L\u2019Ajuntament d\u2019Alzira posa en marxa l\u2019Oficina d\u2019Atenci\u00f3 als Afectats per la Regularitzaci\u00f3 Cadastral"},"content":{"rendered":"<p style=\"text-align: justify;\">A partir del proper dilluns 15 de gener en la Clau<\/p>\n<p style=\"text-align: justify;\">Alzira, 12 de gener 2018.- .- Des del proper dilluns 15 de gener l&#8217;Ajuntament d&#8217;Alzira posa en funcionament l&#8217;Oficina d&#8217;Atenci\u00f3 als afectats per la regularitzaci\u00f3 cadastral. L&#8217;oficina, ubicada en la Clau, al carrer Rambla 23, atendr\u00e0 els dubtes i consultes dels alzirenys i alzirenyes durant un mes, fins el 12 de febrer.<\/p>\n<p style=\"text-align: justify;\">Els afectats per la regulaci\u00f3 cadastral poden acostar-se a esta oficina, en horari de dilluns, dijous i divendres de 9 a 14 hores, i dimarts i dimecres de 9 a 18 hores ininterrompudament, per informar-se, solucionar qualsevol dubte al respecte i con\u00e9ixer les possibilitats i facilitats de pagament.<\/p>\n<p style=\"text-align: justify;\">Tamb\u00e9 poden cridar per tel\u00e8fon a la Clau al tel\u00e8fon 96 070 43 48.<\/p>\n<p style=\"text-align: justify;\"><strong>Regularitzaci\u00f3 cadastral<\/strong><\/p>\n<p style=\"text-align: justify;\">Durant el mes de desembre, els ciutadans d&#8217;Alzira afectats per esta regularitzaci\u00f3 cadastral van rebre un preav\u00eds de pagament. Recordem que l&#8217;Ajuntament d&#8217;Alzira va informar la ciutadania al respecte de les liquidacions de l&#8217;Impost dels B\u00e9ns Immobles, conegut com la contribuci\u00f3 urbana, a causa de la regularitzaci\u00f3 cadastral realitzada pel Ministeri d&#8217;Hisenda. Una mesura que afecta l&#8217;IBI, un impost de compet\u00e8ncia estatal en el qual els ajuntaments nom\u00e9s tenen la recaptaci\u00f3.<\/p>\n<p style=\"text-align: justify;\">El mes de febrer de 2015 l&#8217;anterior corporaci\u00f3 va demanar al Ministeri una regularitzaci\u00f3 cadastral del terme municipal d&#8217;Alzira, per tal d&#8217;actualitzar el registre de dades dels immobles que han sigut modificats per ampliaci\u00f3, rehabilitaci\u00f3 i canvis d&#8217;\u00fas fonamentalment.<\/p>\n<p style=\"text-align: justify;\">Davant de la regularitzaci\u00f3, l&#8217;Ajuntament est\u00e0 obligat per la Llei General Tribut\u00e0ria a cobrar estes actualitzacions als afectats amb efectes des de l&#8217;any 2013.<\/p>\n<p style=\"text-align: justify;\">&nbsp;<\/p>\n","protected":false},"excerpt":{"rendered":"<p>A partir del proper dilluns 15 de gener en la Clau Alzira, 12 de gener 2018.- .- Des del proper dilluns 15 de gener l&#8217;Ajuntament d&#8217;Alzira posa en funcionament l&#8217;Oficina d&#8217;Atenci\u00f3 als afectats per la regularitzaci\u00f3 cadastral. L&#8217;oficina, ubicada en la Clau, al carrer Rambla 23, atendr\u00e0 els dubtes i consultes dels alzirenys i alzirenyes &hellip; <\/p>\n<p class=\"link-more\"><a href=\"https:\/\/alzira.es\/es\/l-ajuntament-d-alzira-posa-en-marxa-l-oficina-d-atencio-als-afectats-per-la-regularitzacio-cadastral\/\" class=\"more-link\">Continuar leyendo<span class=\"screen-reader-text\"> \u00abL\u2019Ajuntament d\u2019Alzira posa en marxa l\u2019Oficina d\u2019Atenci\u00f3 als Afectats per la Regularitzaci\u00f3 Cadastral\u00bb<\/span><\/a><\/p>\n","protected":false},"author":29,"featured_media":0,"comment_status":"","ping_status":"","sticky":false,"template":"","format":"standard","meta":{"_acf_changed":false,"footnotes":""},"categories":[1893],"tags":[],"class_list":["post-26786","post","type-post","status-publish","format-standard","hentry","category-hemeroteca"],"acf":[],"_links":{"self":[{"href":"https:\/\/alzira.es\/es\/wp-json\/wp\/v2\/posts\/26786","targetHints":{"allow":["GET"]}}],"collection":[{"href":"https:\/\/alzira.es\/es\/wp-json\/wp\/v2\/posts"}],"about":[{"href":"https:\/\/alzira.es\/es\/wp-json\/wp\/v2\/types\/post"}],"author":[{"embeddable":true,"href":"https:\/\/alzira.es\/es\/wp-json\/wp\/v2\/users\/29"}],"replies":[{"embeddable":true,"href":"https:\/\/alzira.es\/es\/wp-json\/wp\/v2\/comments?post=26786"}],"version-history":[{"count":0,"href":"https:\/\/alzira.es\/es\/wp-json\/wp\/v2\/posts\/26786\/revisions"}],"wp:attachment":[{"href":"https:\/\/alzira.es\/es\/wp-json\/wp\/v2\/media?parent=26786"}],"wp:term":[{"taxonomy":"category","embeddable":true,"href":"https:\/\/alzira.es\/es\/wp-json\/wp\/v2\/categories?post=26786"},{"taxonomy":"post_tag","embeddable":true,"href":"https:\/\/alzira.es\/es\/wp-json\/wp\/v2\/tags?post=26786"}],"curies":[{"name":"wp","href":"https:\/\/api.w.org\/{rel}","templated":true}]}}