{"id":26784,"date":"2018-01-12T08:48:11","date_gmt":"2018-01-12T07:48:11","guid":{"rendered":"https:\/\/alzira.es\/l-ajuntament-d-alzira-millora-l-acces-per-a-vianants-cap-al-centre-comercial-carrefour\/"},"modified":"2018-01-12T08:48:11","modified_gmt":"2018-01-12T07:48:11","slug":"l-ajuntament-d-alzira-millora-l-acces-per-a-vianants-cap-al-centre-comercial-carrefour","status":"publish","type":"post","link":"https:\/\/alzira.es\/es\/l-ajuntament-d-alzira-millora-l-acces-per-a-vianants-cap-al-centre-comercial-carrefour\/","title":{"rendered":"L\u2019Ajuntament d\u2019Alzira millora l\u2019acc\u00e9s per a vianants cap al centre comercial Carrefour"},"content":{"rendered":"<p style=\"text-align: justify;\">12 de gener de 2018 \u2013 Des de la Regidoria de Gesti\u00f3 Urban\u00edstica s&#8217;han arreplegat diverses peticions ve\u00efnals, per a sol\u00b7licitar la millora en l&#8217;acc\u00e9s des de la zona de la farm\u00e0cia de l&#8217;Alquerieta cap al centre comercial Carrefour, per la qual cosa estan realitzant-se diferents actuacions com el rebaix de voreres i el condicionament d&#8217;alguns trams perqu\u00e8 els vianants puguen accedir caminant amb tota seguretat.<\/p>\n<p style=\"text-align: justify;\">Segons declara Fernando Pascual, regidor de l&#8217;\u00e0rea responsable, \u00abestes xicotetes actuacions estan portant-se a terme en diferents punts de tota la ciutat, ja que un dels objectius d&#8217;este Equip de Govern \u00e9s mirar primer per les persones, facilitar el dia a dia dels alzirenys i alzirenyes, que aconseguim tindre una Alzira c\u00f2moda, actual i sostenible\u00bb.<\/p>\n<p style=\"text-align: justify;\">El regidor tamb\u00e9 vol recordar que s\u00f3n moltes les actuacions que estan realitzant-se en la ciutat per tal de facilitar la vida di\u00e0ria de tots i que, concretament, esta zona estava abandonada des de fa molts anys, i a partir d&#8217;ara el ve\u00efnat podr\u00e0 accedir tranquil i fer les sues compres amb tota tranquil\u00b7litat.<\/p>\n<p style=\"text-align: center;\"><a class=\"jcepopup\" title=\"L\u2019Ajuntament d\u2019Alzira millora l\u2019acc\u00e9s per a vianants cap al centre comercial Carrefour\" href=\"https:\/\/alzira.es\/wp-content\/uploads\/2018\/01\/20180111_130207.jpg\" target=\"_blank\" rel=\"noopener\"><img fetchpriority=\"high\" decoding=\"async\" class=\" size-full wp-image-26777\" title=\"L\u2019Ajuntament d\u2019Alzira millora l\u2019acc\u00e9s per a vianants cap al centre comercial Carrefour\" src=\"https:\/\/alzira.es\/wp-content\/uploads\/2018\/01\/20180111_130207.jpg\" alt=\"20180111 130207\" width=\"400\" height=\"225\" srcset=\"https:\/\/alzira.es\/wp-content\/uploads\/2018\/01\/20180111_130207.jpg 1200w, https:\/\/alzira.es\/wp-content\/uploads\/2018\/01\/20180111_130207-680x383.jpg 680w, https:\/\/alzira.es\/wp-content\/uploads\/2018\/01\/20180111_130207-768x432.jpg 768w\" sizes=\"(max-width: 400px) 100vw, 400px\" \/><\/a>&nbsp;<a class=\"jcepopup\" style=\"font-size: 14.4px; text-align: center;\" title=\"L\u2019Ajuntament d\u2019Alzira millora l\u2019acc\u00e9s per a vianants cap al centre comercial Carrefour\" type=\"image\" href=\"https:\/\/alzira.es\/wp-content\/uploads\/2018\/01\/20180111_130325.jpg\" target=\"_blank\" rel=\"noopener\"><img decoding=\"async\" class=\"size-full wp-image-26781 lazyload\" title=\"L\u2019Ajuntament d\u2019Alzira millora l\u2019acc\u00e9s per a vianants cap al centre comercial Carrefour\" data-src=\"https:\/\/alzira.es\/wp-content\/uploads\/2018\/01\/20180111_130325.jpg\" alt=\"20180111 130325\" width=\"400\" height=\"225\" data-srcset=\"https:\/\/alzira.es\/wp-content\/uploads\/2018\/01\/20180111_130325.jpg 1200w, https:\/\/alzira.es\/wp-content\/uploads\/2018\/01\/20180111_130325-680x383.jpg 680w, https:\/\/alzira.es\/wp-content\/uploads\/2018\/01\/20180111_130325-768x432.jpg 768w\" data-sizes=\"(max-width: 400px) 100vw, 400px\" src=\"data:image\/svg+xml;base64,PHN2ZyB3aWR0aD0iMSIgaGVpZ2h0PSIxIiB4bWxucz0iaHR0cDovL3d3dy53My5vcmcvMjAwMC9zdmciPjwvc3ZnPg==\" style=\"--smush-placeholder-width: 400px; --smush-placeholder-aspect-ratio: 400\/225;\" \/><\/a><\/p>\n","protected":false},"excerpt":{"rendered":"<p>12 de gener de 2018 \u2013 Des de la Regidoria de Gesti\u00f3 Urban\u00edstica s&#8217;han arreplegat diverses peticions ve\u00efnals, per a sol\u00b7licitar la millora en l&#8217;acc\u00e9s des de la zona de la farm\u00e0cia de l&#8217;Alquerieta cap al centre comercial Carrefour, per la qual cosa estan realitzant-se diferents actuacions com el rebaix de voreres i el condicionament &hellip; <\/p>\n<p class=\"link-more\"><a href=\"https:\/\/alzira.es\/es\/l-ajuntament-d-alzira-millora-l-acces-per-a-vianants-cap-al-centre-comercial-carrefour\/\" class=\"more-link\">Continuar leyendo<span class=\"screen-reader-text\"> \u00abL\u2019Ajuntament d\u2019Alzira millora l\u2019acc\u00e9s per a vianants cap al centre comercial Carrefour\u00bb<\/span><\/a><\/p>\n","protected":false},"author":29,"featured_media":26778,"comment_status":"","ping_status":"","sticky":false,"template":"","format":"standard","meta":{"_acf_changed":false,"footnotes":""},"categories":[1893],"tags":[],"class_list":["post-26784","post","type-post","status-publish","format-standard","has-post-thumbnail","hentry","category-hemeroteca"],"acf":[],"_links":{"self":[{"href":"https:\/\/alzira.es\/es\/wp-json\/wp\/v2\/posts\/26784","targetHints":{"allow":["GET"]}}],"collection":[{"href":"https:\/\/alzira.es\/es\/wp-json\/wp\/v2\/posts"}],"about":[{"href":"https:\/\/alzira.es\/es\/wp-json\/wp\/v2\/types\/post"}],"author":[{"embeddable":true,"href":"https:\/\/alzira.es\/es\/wp-json\/wp\/v2\/users\/29"}],"replies":[{"embeddable":true,"href":"https:\/\/alzira.es\/es\/wp-json\/wp\/v2\/comments?post=26784"}],"version-history":[{"count":0,"href":"https:\/\/alzira.es\/es\/wp-json\/wp\/v2\/posts\/26784\/revisions"}],"wp:featuredmedia":[{"embeddable":true,"href":"https:\/\/alzira.es\/es\/wp-json\/wp\/v2\/media\/26778"}],"wp:attachment":[{"href":"https:\/\/alzira.es\/es\/wp-json\/wp\/v2\/media?parent=26784"}],"wp:term":[{"taxonomy":"category","embeddable":true,"href":"https:\/\/alzira.es\/es\/wp-json\/wp\/v2\/categories?post=26784"},{"taxonomy":"post_tag","embeddable":true,"href":"https:\/\/alzira.es\/es\/wp-json\/wp\/v2\/tags?post=26784"}],"curies":[{"name":"wp","href":"https:\/\/api.w.org\/{rel}","templated":true}]}}