{"id":26672,"date":"2018-01-10T18:00:00","date_gmt":"2018-01-10T17:00:00","guid":{"rendered":"https:\/\/alzira.es\/programacio-cultural-hivern-2019\/"},"modified":"2018-01-10T18:00:00","modified_gmt":"2018-01-10T17:00:00","slug":"programacio-cultural-hivern-2019","status":"publish","type":"post","link":"https:\/\/alzira.es\/es\/programacio-cultural-hivern-2019\/","title":{"rendered":"Divendres comen\u00e7a la programaci\u00f3 cultural d\u2019hivern a Alzira"},"content":{"rendered":"<p style=\"text-align: center;\"><a title=\"PROGRAMACI\u00d3 CULTURAL HIVERN 2018\" href=\"https:\/\/alzira.es\/wp-content\/uploads\/2018\/01\/hivern_2018.pdf\" target=\"_blank\" rel=\"noopener\"><em><img decoding=\"async\" width=\"18\" height=\"15\" class=\"size-full wp-image-26590 lazyload\" data-src=\"https:\/\/alzira.es\/wp-content\/uploads\/2018\/01\/pdf_rojo.gif\" alt=\"pdf rojo\" src=\"data:image\/svg+xml;base64,PHN2ZyB3aWR0aD0iMSIgaGVpZ2h0PSIxIiB4bWxucz0iaHR0cDovL3d3dy53My5vcmcvMjAwMC9zdmciPjwvc3ZnPg==\" style=\"--smush-placeholder-width: 18px; --smush-placeholder-aspect-ratio: 18\/15;\" \/><strong>&nbsp;Programaci\u00f3 Cultural Hivern 2018<\/strong><\/em><\/a><\/p>\n<p style=\"text-align: justify;\"><span style=\"font-size: 14.4px;\">Hi ha cabuda, entre altres, per al jazz, m\u00fasica cl\u00e0ssica, en valenci\u00e0, teatre familiar i cinema<\/span><\/p>\n<p>Alzira, 10 de gener 2018.- Alzira enceta la programaci\u00f3 cultural d&#8217;hivern este divendres 12 de gener amb Jobs, un espectacle de teatre per a joves i adults de Companyia Clownic, amb la col\u00b7laboraci\u00f3 de Tricicle.<\/p>\n<p>Divendres 26 de gener ser\u00e0 el torn d&#8217;El cr\u00e8dit, de Maror Producciones, una obra destinada tamb\u00e9 al p\u00fablic jove i adult.<\/p>\n<p>El mes de febrer els espectacles teatrals per a este tipus de p\u00fablic seran divendres 9 de febrer, amb Shakespeare en Berl\u00edn, d&#8217;Arden Producciones i divendres 23 de febrer amb Iberian Gangsters, de Meridional Producciones.<\/p>\n<p>Les representacions s\u00f3n totes a les 20.30 hores al Gran Teatre i l&#8217;entrada per a cadascun dels espectacles t\u00e9 un preu de 8 euros o 6, si \u00e9s redu\u00efda.<\/p>\n<p>A m\u00e9s, els estudiants dels instituts d&#8217;Alzira podran beneficiar-se d&#8217;un 2&#215;1 en comprar les entrades en la taquilla del Gran Teatre.<\/p>\n<p><strong>Teatre familiar<\/strong><br \/>El teatre familiar tindr\u00e0 cabuda el dissabte 20 de gener, a la Casa de la Cultura, a les 7 de la vesprada amb La terra dels babaus, d&#8217;El Ball de San Vito. Les entrades s\u00f3n a 3 euros.<\/p>\n<p>El dissabte 3 de febrer, a les 7 de la vesprada, la Casa de la Cultura acull l&#8217;obra de teatre familiar En els n\u00favols, de la Companyia La Negra. Les entrades s\u00f3n a 3 euros.<\/p>\n<p><strong>Jazz<\/strong><br \/>La Casa de la Cultura celebrar\u00e0 el dissabte 13 de gener a les set i mitja de la vesprada un concert organitzat per Aljazzira Jazz Club de JPMB+Dani Dom\u00ednguez. L&#8217;entrada \u00e9s a 3 euros, a 2 la redu\u00efda.<\/p>\n<p>Tamb\u00e9 podrem gaudir d&#8217;Aljazzira Jazz Club amb Espiral Vicente Esp\u00ed Quartet, el dissabte 17 de febrer a les set i mitja de la vesprada, a la Casa de la Cultura. L&#8217;entrada \u00e9s a 3 euros, a 2 la redu\u00efda.<\/p>\n<p><strong>Cinema<\/strong><br \/>El Club Cinema Alzira ha programat quatre divendres de cinema, a les 20.30 hores a la Casa de la Cultura, amb una entrada de 3 euros, o 2, si \u00e9s redu\u00efda:<\/p>\n<p style=\"margin-left: 30px;\">&#8211; Divendres 19 de gener, projecci\u00f3 de la pel\u00b7l\u00edcula en castell\u00e0 Tierra firme.<br \/>&#8211; Divendres 2 de febrer, projecci\u00f3 de la pel\u00b7l\u00edcula en versi\u00f3 original (\u00e8uscar), subtitulada en castell\u00e0, Handia (Aundiya).<br \/>&#8211; Divendres 16 de febrer, projecci\u00f3 de la pel\u00b7l\u00edcula en versi\u00f3 original (hongar\u00e9s), subtitulada en castell\u00e0, A trestr\u00f6l \u00e9s a l\u00e9lekr\u00f6l (En cuerpo y alma).<br \/>&#8211; Divendres 2 de mar\u00e7, projecci\u00f3 de pel\u00b7l\u00edcula en versi\u00f3 original (angl\u00e9s), subtitulada en castell\u00e0, Their Finest (Su mejor historia).<\/p>\n<p><strong>M\u00fasica cl\u00e0ssica<\/strong><br \/>La m\u00fasica cl\u00e0ssica tamb\u00e9 t\u00e9 cabuda dins la programaci\u00f3 cultural amb l&#8217;agrupaci\u00f3 Kluster Duo, on actua el m\u00fasic alzireny Paco Lluch. El concert d&#8217;este grup est\u00e0 previst per al dissabte 27 de gener, a la Casa de la Cultura, a les set i mitja de la vesprada. Les entrades s\u00f3n a 3 euros, a 2 la redu\u00efda.<\/p>\n<p><strong>M\u00fasica en valenci\u00e0<\/strong><br \/>La m\u00fasica en valenci\u00e0 ser\u00e0 la protagonista dissabte 10 de febrer, a les set i mitja de la vesprada a la Casa de la Cultura, amb un concert de Pep Gimeno Botifarra. Una activitat que s&#8217;emmarca dins la XXVI Setmana Cultural de l&#8217;Associaci\u00f3 Cultural Falla Pla\u00e7a de la Malva.<\/p>\n<p><strong>M\u00fasica de Cambra<\/strong><br \/>El IX Concurs de M\u00fasica de Cambra, organitzat per la Falla El Mercat i l&#8217;Ajuntament d&#8217;Alzira, tindr\u00e0 el concert de la prova final dissabte 24 de febrer, a la Casa de la Cultura, a les sis i mitja de la vesprada. L&#8217;entrada \u00e9s a 3 euros, a 2 la redu\u00efda.<\/p>\n<p>Les entrades per a tots els espectacles programats es poden comprar de manera anticipada a la taquilla del Gran Teatre, dimarts i dijous de 19.30 a 21 hores. Tamb\u00e9 mitjan\u00e7ant Instant Ticket, cridant al tel\u00e8fon 902 444 300 de 8 a 23 hores o per Internet www.instanticket.es les 24 hores. El mateix dia de l&#8217;acte tamb\u00e9 es poden comprar les entrades, una hora abans de l&#8217;acte, tant a la Casa de la Cultura com al Gran Teatre.<\/p>\n<p><strong>Somriu als Parcs<\/strong><br \/>Somriu als Parcs torna rl diumenge 28 de gener, a les 12 hores al parc de les Basses, amb Fa sol de Mira Rosana Proyectos Teatrales.<\/p>\n<p>Al mes de febrer, se celebrar\u00e0 a la pla\u00e7a d&#8217;Elisa Ram\u00edrez, a les 12 hores, amb l&#8217;espectacle Titelles i animaci\u00f3 teatral, de Grupo Zurramacatillo.<\/p>\n<p><strong>Exposicions<\/strong><br \/>Pel que fa a exposicions, est\u00e0 prevista l&#8217;Exposici\u00f3 del Ninot de la Junta Local Fallera d&#8217;Alzira, a la Casa de la Cultura, del 23 de febrer al 9 de mar\u00e7. Aix\u00ed com una exposici\u00f3 de la Junta de Confraries i Germandats, tamb\u00e9 a la Casa de la Cultura, del 21 de mar\u00e7 al 2 d&#8217;abril.<\/p>\n<p><strong>Setmanes Culturals<\/strong><br \/>La Casa de la Cultura acull diferents Setmanes Culturals al llarg del primers mesos de l&#8217;any:<\/p>\n<p style=\"margin-left: 30px;\">&#8211; XXVI Setmana Cultural Falla La Malva, del 18 de gener al 26 de febrer, amb exposicions previstes del 18 de gener a l&#8217;11 de febrer.<br \/>&#8211; Setmana Cultural Falla Germanies, amb l&#8217;exposici\u00f3 l&#8217;Escola Municipal d&#8217;Arts Pl\u00e0stiques del 8 al 14 de gener.<br \/>&#8211; Setmana Cultural Falla Pintor Andreu, amb l&#8217;exposici\u00f3 de Mai Hidalgo del 15 de febrer al 3 de mar\u00e7.<\/p>\n<p><strong>Activitats del MUMA<\/strong><br \/>Des del Museu Municipal d&#8217;Alzira es fan visites guiades a les exposicions \u00abMem\u00f2ria de la Modernitat del MUMA\u00bb i \u00abConeix la Diputaci\u00f3\u00bb a la Casa d&#8217;Al\u00f3s. Les visites s\u00f3n gratu\u00eftes, dissabte a les sis de la vesprada i diumenge a les dotze del migdia. Es realitzen tallers familiars, diumenge a les onze i mitja del mat\u00ed.<\/p>\n<p>Dimecres i dijous les visites s\u00f3n gratu\u00eftes per a grups (m\u00ednim 10 i m\u00e0xim 20 persones), en horari del museu (mat\u00ed de 10:30 a 14 hores o vesprada de 17 a 20 hores). Cal reservar pr\u00e8viament en Tourist Info Alzira (alziratouristinfo.net\/962419551), en el MUMA (museu@alzira.es\/ 962017649) o en reservavisitas@didacultural.com\/ 695500290 (Eva).<\/p>\n<p style=\"text-align: center;\"><a class=\"jcepopup\" title=\"PROGRAMACI\u00d3 CULTURAL HIVERN 2018\" href=\"https:\/\/alzira.es\/wp-content\/uploads\/2018\/01\/hivern_2018.pdf\" target=\"_blank\" rel=\"noopener\"><img fetchpriority=\"high\" decoding=\"async\" class=\" size-full wp-image-26595\" title=\"PROGRAMACI\u00d3 CULTURAL HIVERN 2018\" src=\"https:\/\/alzira.es\/wp-content\/uploads\/2018\/01\/hivern_2018_01.png\" alt=\"hivern 2018 01\" width=\"800\" height=\"392\" srcset=\"https:\/\/alzira.es\/wp-content\/uploads\/2018\/01\/hivern_2018_01.png 2552w, https:\/\/alzira.es\/wp-content\/uploads\/2018\/01\/hivern_2018_01-680x334.png 680w, https:\/\/alzira.es\/wp-content\/uploads\/2018\/01\/hivern_2018_01-1430x702.png 1430w, https:\/\/alzira.es\/wp-content\/uploads\/2018\/01\/hivern_2018_01-768x377.png 768w, https:\/\/alzira.es\/wp-content\/uploads\/2018\/01\/hivern_2018_01-1536x754.png 1536w, https:\/\/alzira.es\/wp-content\/uploads\/2018\/01\/hivern_2018_01-2048x1005.png 2048w\" sizes=\"(max-width: 706px) 89vw, (max-width: 767px) 82vw, 740px\" \/><\/a><\/p>\n<p>&nbsp;<\/p>\n","protected":false},"excerpt":{"rendered":"<p>&nbsp;Programaci\u00f3 Cultural Hivern 2018 Hi ha cabuda, entre altres, per al jazz, m\u00fasica cl\u00e0ssica, en valenci\u00e0, teatre familiar i cinema Alzira, 10 de gener 2018.- Alzira enceta la programaci\u00f3 cultural d&#8217;hivern este divendres 12 de gener amb Jobs, un espectacle de teatre per a joves i adults de Companyia Clownic, amb la col\u00b7laboraci\u00f3 de Tricicle. &hellip; <\/p>\n<p class=\"link-more\"><a href=\"https:\/\/alzira.es\/es\/programacio-cultural-hivern-2019\/\" class=\"more-link\">Continuar leyendo<span class=\"screen-reader-text\"> \u00abDivendres comen\u00e7a la programaci\u00f3 cultural d\u2019hivern a Alzira\u00bb<\/span><\/a><\/p>\n","protected":false},"author":29,"featured_media":26590,"comment_status":"","ping_status":"","sticky":false,"template":"","format":"standard","meta":{"_acf_changed":false,"footnotes":""},"categories":[1893],"tags":[],"class_list":["post-26672","post","type-post","status-publish","format-standard","has-post-thumbnail","hentry","category-hemeroteca"],"acf":[],"_links":{"self":[{"href":"https:\/\/alzira.es\/es\/wp-json\/wp\/v2\/posts\/26672","targetHints":{"allow":["GET"]}}],"collection":[{"href":"https:\/\/alzira.es\/es\/wp-json\/wp\/v2\/posts"}],"about":[{"href":"https:\/\/alzira.es\/es\/wp-json\/wp\/v2\/types\/post"}],"author":[{"embeddable":true,"href":"https:\/\/alzira.es\/es\/wp-json\/wp\/v2\/users\/29"}],"replies":[{"embeddable":true,"href":"https:\/\/alzira.es\/es\/wp-json\/wp\/v2\/comments?post=26672"}],"version-history":[{"count":0,"href":"https:\/\/alzira.es\/es\/wp-json\/wp\/v2\/posts\/26672\/revisions"}],"wp:featuredmedia":[{"embeddable":true,"href":"https:\/\/alzira.es\/es\/wp-json\/wp\/v2\/media\/26590"}],"wp:attachment":[{"href":"https:\/\/alzira.es\/es\/wp-json\/wp\/v2\/media?parent=26672"}],"wp:term":[{"taxonomy":"category","embeddable":true,"href":"https:\/\/alzira.es\/es\/wp-json\/wp\/v2\/categories?post=26672"},{"taxonomy":"post_tag","embeddable":true,"href":"https:\/\/alzira.es\/es\/wp-json\/wp\/v2\/tags?post=26672"}],"curies":[{"name":"wp","href":"https:\/\/api.w.org\/{rel}","templated":true}]}}