{"id":26669,"date":"2018-01-10T14:47:30","date_gmt":"2018-01-10T13:47:30","guid":{"rendered":"https:\/\/alzira.es\/alzira-col-labora-en-la-promocio-de-la-lectura-amb-els-comites-d-empresa-d-amcor-flexibles-alzira-i-mm-packaging\/"},"modified":"2018-01-10T14:47:30","modified_gmt":"2018-01-10T13:47:30","slug":"alzira-col-labora-en-la-promocio-de-la-lectura-amb-els-comites-d-empresa-d-amcor-flexibles-alzira-i-mm-packaging","status":"publish","type":"post","link":"https:\/\/alzira.es\/es\/alzira-col-labora-en-la-promocio-de-la-lectura-amb-els-comites-d-empresa-d-amcor-flexibles-alzira-i-mm-packaging\/","title":{"rendered":"Alzira col\u00b7labora en la promoci\u00f3 de la lectura amb els comit\u00e9s d\u2019empresa d\u2019Amcor Flexibles Alzira i MM Packaging"},"content":{"rendered":"<p style=\"text-align: justify;\">Alzira, 10 de gener 2018.- L&#8217;acalde, Diego G\u00f3mez, Cristina Piera, presidenta del comit\u00e9 d&#8217;empresa d&#8217;Amcor Flexibles Alzira i Juli\u00e1n Almendro, president del comit\u00e9 d&#8217;empresa de Mayr Melhof Packanging Ib\u00e9rica han signat hui un conveni de col\u00b7laboraci\u00f3 per a la promoci\u00f3 de la lectura i la difusi\u00f3 d&#8217;activitats culturals.<\/p>\n<p style=\"text-align: justify;\">La biblioteca, que t\u00e9 el seu origen en la biblioteca fundada pels treballadors de la desapareguda Cartonatges Su\u00f1er SA, ara \u00e9s compartida pels treballadors de les empreses Amcor Flexibles Alzira i Mayr Melhof Packanging Ib\u00e9rica, no t\u00e9 \u00e0nim de lucre i t\u00e9 com a objectiu i est\u00e0 destinada fonamentalment a difondre l&#8217;h\u00e0bit de lectura entre les seues treballadores i treballadors.<\/p>\n<p style=\"text-align: justify;\">Este conveni \u00e9s una de les peticions que els comit\u00e9s d&#8217;empresa manifestaren a l&#8217;alcalde quan va visitar l&#8217;empresa l&#8217;any passat amb altres membres de l&#8217;Equip de Govern. L&#8217;Ajuntament ha considerat la petici\u00f3 perqu\u00e8 es posen en valor dos q\u00fcestions fonamentals per a l&#8217;Ajuntament d&#8217;Alzira com s\u00f3n la promoci\u00f3 de la lectura i la promoci\u00f3 del valenci\u00e0.<\/p>\n<p style=\"text-align: justify;\">La duraci\u00f3 d&#8217;este conveni \u00e9s de quatre anys amb la possibilitat de pr\u00f2rroga de fins a quatre anys addicionals i t\u00e9 com a objecte la col\u00b7laboraci\u00f3 d&#8217;ambdues entitats en:<\/p>\n<p style=\"text-align: justify; margin-left: 30px;\">&#8211; Aportaci\u00f3 d&#8217;informaci\u00f3 sobre activitats culturals en la ciutat d&#8217;Alzira per a la seua posterior difusi\u00f3 entre els treballadors de les empreses.<\/p>\n<p style=\"text-align: justify; margin-left: 30px;\">&#8211; La posada a disposici\u00f3 per al seu \u00fas pels socis de la biblioteca de volums, llibres i materials per part de l&#8217;Ajuntament d&#8217;Alzira, com a m\u00ednim de manera anual i coincidint amb l&#8217;organitzaci\u00f3 dels Premis Literaris Ciutat d&#8217;Alzira.<br \/>&#8211; Totes aquelles activitats culturals i relacionades amb la promoci\u00f3 de la lectura que ambdues parts acorden.<\/p>\n<p style=\"text-align: justify;\">Amb la signatura del conveni, l&#8217;alcalde ha lliurat als representants dels comit\u00e9s d&#8217;empresa una primera remesa de llibres per a la seua incorporaci\u00f3 a la biblioteca del personal de les empreses Mayr Melhof Packanging Ib\u00e9rica i Amcor Flexibles Alzira.<\/p>\n<p style=\"text-align: center;\"><a class=\"jcepopup\" title=\"promoci\u00f3 de la lectura\" type=\"image\" href=\"https:\/\/alzira.es\/wp-content\/uploads\/2018\/01\/100118_Conveni_AMCOR.jpg\" target=\"_blank\" rel=\"noopener\"><img fetchpriority=\"high\" decoding=\"async\" class=\" size-full wp-image-26664\" title=\"promoci\u00f3 de la lectura\" src=\"https:\/\/alzira.es\/wp-content\/uploads\/2018\/01\/100118_Conveni_AMCOR.jpg\" alt=\"100118 Conveni AMCOR\" width=\"356\" height=\"267\" srcset=\"https:\/\/alzira.es\/wp-content\/uploads\/2018\/01\/100118_Conveni_AMCOR.jpg 1200w, https:\/\/alzira.es\/wp-content\/uploads\/2018\/01\/100118_Conveni_AMCOR-680x510.jpg 680w, https:\/\/alzira.es\/wp-content\/uploads\/2018\/01\/100118_Conveni_AMCOR-768x576.jpg 768w\" sizes=\"(max-width: 356px) 100vw, 356px\" \/><\/a>&nbsp;<a class=\"jcepopup\" style=\"font-size: 14.4px; text-align: center;\" title=\"promoci\u00f3 de la lectura\" type=\"image\" href=\"https:\/\/alzira.es\/wp-content\/uploads\/2018\/01\/100118_Conveni_AMCOR_1.jpg\" target=\"_blank\" rel=\"noopener\"><img decoding=\"async\" class=\"size-full wp-image-26667 lazyload\" title=\"promoci\u00f3 de la lectura\" data-src=\"https:\/\/alzira.es\/wp-content\/uploads\/2018\/01\/100118_Conveni_AMCOR_1.jpg\" alt=\"100118 Conveni AMCOR 1\" width=\"400\" height=\"267\" src=\"data:image\/svg+xml;base64,PHN2ZyB3aWR0aD0iMSIgaGVpZ2h0PSIxIiB4bWxucz0iaHR0cDovL3d3dy53My5vcmcvMjAwMC9zdmciPjwvc3ZnPg==\" style=\"--smush-placeholder-width: 400px; --smush-placeholder-aspect-ratio: 400\/267;\" \/><\/a><\/p>\n","protected":false},"excerpt":{"rendered":"<p>Alzira, 10 de gener 2018.- L&#8217;acalde, Diego G\u00f3mez, Cristina Piera, presidenta del comit\u00e9 d&#8217;empresa d&#8217;Amcor Flexibles Alzira i Juli\u00e1n Almendro, president del comit\u00e9 d&#8217;empresa de Mayr Melhof Packanging Ib\u00e9rica han signat hui un conveni de col\u00b7laboraci\u00f3 per a la promoci\u00f3 de la lectura i la difusi\u00f3 d&#8217;activitats culturals. La biblioteca, que t\u00e9 el seu origen &hellip; <\/p>\n<p class=\"link-more\"><a href=\"https:\/\/alzira.es\/es\/alzira-col-labora-en-la-promocio-de-la-lectura-amb-els-comites-d-empresa-d-amcor-flexibles-alzira-i-mm-packaging\/\" class=\"more-link\">Continuar leyendo<span class=\"screen-reader-text\"> \u00abAlzira col\u00b7labora en la promoci\u00f3 de la lectura amb els comit\u00e9s d\u2019empresa d\u2019Amcor Flexibles Alzira i MM Packaging\u00bb<\/span><\/a><\/p>\n","protected":false},"author":29,"featured_media":26664,"comment_status":"","ping_status":"","sticky":false,"template":"","format":"standard","meta":{"_acf_changed":false,"footnotes":""},"categories":[1893],"tags":[],"class_list":["post-26669","post","type-post","status-publish","format-standard","has-post-thumbnail","hentry","category-hemeroteca"],"acf":[],"_links":{"self":[{"href":"https:\/\/alzira.es\/es\/wp-json\/wp\/v2\/posts\/26669","targetHints":{"allow":["GET"]}}],"collection":[{"href":"https:\/\/alzira.es\/es\/wp-json\/wp\/v2\/posts"}],"about":[{"href":"https:\/\/alzira.es\/es\/wp-json\/wp\/v2\/types\/post"}],"author":[{"embeddable":true,"href":"https:\/\/alzira.es\/es\/wp-json\/wp\/v2\/users\/29"}],"replies":[{"embeddable":true,"href":"https:\/\/alzira.es\/es\/wp-json\/wp\/v2\/comments?post=26669"}],"version-history":[{"count":0,"href":"https:\/\/alzira.es\/es\/wp-json\/wp\/v2\/posts\/26669\/revisions"}],"wp:featuredmedia":[{"embeddable":true,"href":"https:\/\/alzira.es\/es\/wp-json\/wp\/v2\/media\/26664"}],"wp:attachment":[{"href":"https:\/\/alzira.es\/es\/wp-json\/wp\/v2\/media?parent=26669"}],"wp:term":[{"taxonomy":"category","embeddable":true,"href":"https:\/\/alzira.es\/es\/wp-json\/wp\/v2\/categories?post=26669"},{"taxonomy":"post_tag","embeddable":true,"href":"https:\/\/alzira.es\/es\/wp-json\/wp\/v2\/tags?post=26669"}],"curies":[{"name":"wp","href":"https:\/\/api.w.org\/{rel}","templated":true}]}}