{"id":26662,"date":"2018-01-10T12:11:28","date_gmt":"2018-01-10T11:11:28","guid":{"rendered":"https:\/\/alzira.es\/ha-finalitzat-el-pla-d-ocupacio-juvenil-per-a-joves-qualificats-2017\/"},"modified":"2018-01-10T12:11:28","modified_gmt":"2018-01-10T11:11:28","slug":"ha-finalitzat-el-pla-d-ocupacio-juvenil-per-a-joves-qualificats-2017","status":"publish","type":"post","link":"https:\/\/alzira.es\/es\/ha-finalitzat-el-pla-d-ocupacio-juvenil-per-a-joves-qualificats-2017\/","title":{"rendered":"Ha finalitzat el Pla d&#8217;Ocupaci\u00f3 Juvenil per a joves qualificats 2017"},"content":{"rendered":"<p style=\"text-align: justify;\">A m\u00e9s a m\u00e9s, s&#8217;ha augmentat fins a 390.000 euros en el pressupost municipal del 2018 el Pla d&#8217;Ocupaci\u00f3 Juvenil.<\/p>\n<p style=\"text-align: justify;\">S&#8217;han lliurat els certificats als 15 joves que han treballat durant 9 mesos a l&#8217;Ajuntament d&#8217;Alzira en el Pla d&#8217;Ocupaci\u00f3 de Joves Qualificats. Aquest s&#8217;ha dut a terme ja durant tres edicions per part de la regidoria de Desenvolupament Econ\u00f2mic, Treball i Projectes Europeus de l&#8217;Ajuntament d&#8217;Alzira i IDEA, el qual va adre\u00e7at a aquelles\/s joves amb formaci\u00f3 acad\u00e8mica en situaci\u00f3 de desocupaci\u00f3.<\/p>\n<p style=\"text-align: justify;\">Gr\u00e0cies a aquest pla, des del 2015, m\u00e9s de 40 joves entre 18 i 25 anys, amb formaci\u00f3 acad\u00e8mica, s&#8217;han iniciat en la seua primera experi\u00e8ncia laboral a trav\u00e9s de la realitzaci\u00f3 de pr\u00e0ctiques no laborals en els distints departaments de l&#8217;Ajuntament d&#8217;Alzira.<\/p>\n<p style=\"text-align: justify;\">Segons Ivan Mart\u00ednez, regidor de Desenvolupament Econ\u00f2mic i Treball: \u00abper al 2018 l&#8217;Ajuntament ha previst augmentar la partida del Pla d&#8217;Ocupaci\u00f3 Juvenil, tant la modalitat de qualificats com la de \u00abFormaci\u00f3+Ocupaci\u00f3\u00bb, en 30.000 euros (un total de 390.000).\u00bb De la m\u00e0 del Pla d&#8217;Ocupaci\u00f3 Juvenil \u00abFormaci\u00f3+Ocupaci\u00f3\u00bb que ha perm\u00e9s contractar altres 10 joves sense formaci\u00f3, amb l&#8217;oportunitat de formar-se i al mateix temps treballar i tindre experi\u00e8ncia laboral en distintes \u00e0rees de l&#8217;Ajuntament (75% per a activitat laboral i 25% per a activitat formativa). A m\u00e9s a m\u00e9s, obtindran l&#8217;FP b\u00e0sica i el Graduat Escolar amb la col\u00b7laboraci\u00f3 de l&#8217;IES Lu\u00eds Su\u00f1er.<\/p>\n<p style=\"text-align: justify;\">Per a Ivan Mart\u00ednez: \u00abdavant el problema de la desocupaci\u00f3 juvenil a Alzira resulta imprescindible articular mesures que incrementen les oportunitats d&#8217;ocupaci\u00f3 d&#8217;aquest col\u00b7lectiu, les quals deuen contribuir a facilitar el seu acc\u00e9s al mercat de treball, a la ocupaci\u00f3 i a l&#8217;adquisici\u00f3 de pr\u00e0ctica laboral en un entorn real. L&#8217;administraci\u00f3 t\u00e9 l&#8217;obligaci\u00f3 de donar oportunitats als nostres joves i la principal prioritat de l&#8217;Ajuntament \u00e9s l&#8217;ocupaci\u00f3 i estem duent a terme diversos plans per a beneficiar els col\u00b7lectius que m\u00e9s ajuda necessiten.\u00bb<\/p>\n<p style=\"text-align: center;\"><a class=\"jcepopup\" title=\"Pla d'Ocupaci\u00f3 Juvenil\" type=\"image\" href=\"https:\/\/alzira.es\/wp-content\/uploads\/2018\/01\/IMG_4329.jpg\" target=\"_blank\" rel=\"noopener\"><img fetchpriority=\"high\" decoding=\"async\" class=\" size-full wp-image-26659\" title=\"Pla d'Ocupaci\u00f3 Juvenil\" src=\"https:\/\/alzira.es\/wp-content\/uploads\/2018\/01\/IMG_4329.jpg\" alt=\"IMG 4329\" width=\"600\" height=\"400\" \/><\/a><\/p>\n","protected":false},"excerpt":{"rendered":"<p>A m\u00e9s a m\u00e9s, s&#8217;ha augmentat fins a 390.000 euros en el pressupost municipal del 2018 el Pla d&#8217;Ocupaci\u00f3 Juvenil. S&#8217;han lliurat els certificats als 15 joves que han treballat durant 9 mesos a l&#8217;Ajuntament d&#8217;Alzira en el Pla d&#8217;Ocupaci\u00f3 de Joves Qualificats. Aquest s&#8217;ha dut a terme ja durant tres edicions per part de &hellip; <\/p>\n<p class=\"link-more\"><a href=\"https:\/\/alzira.es\/es\/ha-finalitzat-el-pla-d-ocupacio-juvenil-per-a-joves-qualificats-2017\/\" class=\"more-link\">Continuar leyendo<span class=\"screen-reader-text\"> \u00abHa finalitzat el Pla d&#8217;Ocupaci\u00f3 Juvenil per a joves qualificats 2017\u00bb<\/span><\/a><\/p>\n","protected":false},"author":29,"featured_media":19487,"comment_status":"","ping_status":"","sticky":false,"template":"","format":"standard","meta":{"_acf_changed":false,"footnotes":""},"categories":[1893],"tags":[],"class_list":["post-26662","post","type-post","status-publish","format-standard","has-post-thumbnail","hentry","category-hemeroteca"],"acf":[],"_links":{"self":[{"href":"https:\/\/alzira.es\/es\/wp-json\/wp\/v2\/posts\/26662","targetHints":{"allow":["GET"]}}],"collection":[{"href":"https:\/\/alzira.es\/es\/wp-json\/wp\/v2\/posts"}],"about":[{"href":"https:\/\/alzira.es\/es\/wp-json\/wp\/v2\/types\/post"}],"author":[{"embeddable":true,"href":"https:\/\/alzira.es\/es\/wp-json\/wp\/v2\/users\/29"}],"replies":[{"embeddable":true,"href":"https:\/\/alzira.es\/es\/wp-json\/wp\/v2\/comments?post=26662"}],"version-history":[{"count":0,"href":"https:\/\/alzira.es\/es\/wp-json\/wp\/v2\/posts\/26662\/revisions"}],"wp:featuredmedia":[{"embeddable":true,"href":"https:\/\/alzira.es\/es\/wp-json\/wp\/v2\/media\/19487"}],"wp:attachment":[{"href":"https:\/\/alzira.es\/es\/wp-json\/wp\/v2\/media?parent=26662"}],"wp:term":[{"taxonomy":"category","embeddable":true,"href":"https:\/\/alzira.es\/es\/wp-json\/wp\/v2\/categories?post=26662"},{"taxonomy":"post_tag","embeddable":true,"href":"https:\/\/alzira.es\/es\/wp-json\/wp\/v2\/tags?post=26662"}],"curies":[{"name":"wp","href":"https:\/\/api.w.org\/{rel}","templated":true}]}}