{"id":26647,"date":"2018-01-09T11:12:11","date_gmt":"2018-01-09T10:12:11","guid":{"rendered":"https:\/\/alzira.es\/el-consell-economic-i-social-d-alzira-aprova-els-pressupostos-municipals-del-2018\/"},"modified":"2018-01-09T11:12:11","modified_gmt":"2018-01-09T10:12:11","slug":"el-consell-economic-i-social-d-alzira-aprova-els-pressupostos-municipals-del-2018","status":"publish","type":"post","link":"https:\/\/alzira.es\/es\/el-consell-economic-i-social-d-alzira-aprova-els-pressupostos-municipals-del-2018\/","title":{"rendered":"El Consell Econ\u00f2mic i Social d\u2019Alzira aprova els pressupostos municipals del 2018"},"content":{"rendered":"<p style=\"text-align: justify;\">Alzira, 9 de gener del 2018. El Consell Econ\u00f2mic i Social, que reuneix a sindicats, patronal i institucions vinculades amb la formaci\u00f3 i l&#8217;ocupaci\u00f3, ha aprovat el projecte de pressupostos municipals per al 2018 de l&#8217;Ajuntament d&#8217;Alzira. En ells, el govern local preveu destinar 120.000 euros m\u00e9s (m\u00e9s d&#8217;un 10%) al departament de Desenvolupament Econ\u00f2mic, Treball i Projectes Europeus, l&#8217;Ag\u00e8ncia IDEA, fins a superar el 1.250.000 amb recursos propis. Cal dir que en els \u00faltims pressupostos de l&#8217;anterior legislatura, els del 2015, la xifra a penes abastava 830.000 euros. \u00c9s a dir, suposa un augment en tres anys de m\u00e9s del 50% amb recursos municipals.<\/p>\n<p style=\"text-align: justify;\">Segons ha explicat el regidor responsable de l&#8217;\u00e0rea i president del Consell, Ivan Mart\u00ednez: \u00ables assignacions destinades a formaci\u00f3 i a ocupaci\u00f3 no han deixat de ser una prioritat per a aquest equip de govern. Volem agrair el suport les entitats representades en aquest organisme de participaci\u00f3 i tamb\u00e9 a totes les treballadores i treballadors d&#8217;IDEA. Aquesta inversi\u00f3 en l&#8217;equip hum\u00e0 i en recursos fa possible donar majors oportunitats a les persones que passen majors dificultats i no tenen un treball i \u00e9s imprescindible la suma de totes i tos per poder fer-ho.\u00bb<\/p>\n<p style=\"text-align: justify;\">Entre les actuacions que s&#8217;han pressupostat per part de l&#8217;Ajuntament d&#8217;Alzira s&#8217;inclouen: el pla Fem Ocupaci\u00f3, per a col\u00b7lectius vulnerables, amb una dotaci\u00f3 de 130.000 euros; el pla d&#8217;Ocupaci\u00f3 Juvenil, amb quasi 390.000 euros, que es fa de la m\u00e0 de l&#8217;Institut d&#8217;FP Luis Sunyer i l&#8217;Ajuntament; el Viatge a l&#8217;Empleabilitat, el pla de formaci\u00f3, beques i inserci\u00f3 laboral propi de l&#8217;Ajuntament, amb 85.000 euros per a atendre a unes 100 persones; a m\u00e9s de les ajudes Empr\u00e9n i de l&#8217;oficina d&#8217;atenci\u00f3 a les xicotetes empreses, de 85.000 euros; aix\u00ed com cal destacar un augment de totes les campanyes de Promoci\u00f3 Econ\u00f2mica fins aplegar a 40.000 euros, incloent la Regany\u00e0 o la Biosfira, quan en el 2015 ni existia aquesta partida.<br \/>Des de les entitats socials, tant els sindicats CCOO i UGT, i l&#8217;Associaci\u00f3 Empresarial d&#8217;Alzira, van esmenar alguns apartats per demanar majors dotacions i millores, i tamb\u00e9 es va reivindicar la inversi\u00f3 en els pol\u00edgons industrials de la ciutat, que es consideren insuficients. Per part de la regidoria de Desenvolupament Econ\u00f2mic es va comprometre a coordinar aquestes actuacions amb altres departaments municipals per fer un pla d&#8217;actuaci\u00f3 conjunt amb la part social.<\/p>\n<p style=\"text-align: center;\"><img fetchpriority=\"high\" decoding=\"async\" class=\" size-full wp-image-14195\" title=\"El Consell Econ\u00f2mic i Social d\u2019Alzira aprova els pressupostos municipals del 2018\" src=\"https:\/\/alzira.es\/wp-content\/uploads\/2016\/02\/CES.jpg\" alt=\"CES\" width=\"800\" height=\"533\" \/><\/p>\n","protected":false},"excerpt":{"rendered":"<p>Alzira, 9 de gener del 2018. El Consell Econ\u00f2mic i Social, que reuneix a sindicats, patronal i institucions vinculades amb la formaci\u00f3 i l&#8217;ocupaci\u00f3, ha aprovat el projecte de pressupostos municipals per al 2018 de l&#8217;Ajuntament d&#8217;Alzira. En ells, el govern local preveu destinar 120.000 euros m\u00e9s (m\u00e9s d&#8217;un 10%) al departament de Desenvolupament Econ\u00f2mic, &hellip; <\/p>\n<p class=\"link-more\"><a href=\"https:\/\/alzira.es\/es\/el-consell-economic-i-social-d-alzira-aprova-els-pressupostos-municipals-del-2018\/\" class=\"more-link\">Continuar leyendo<span class=\"screen-reader-text\"> \u00abEl Consell Econ\u00f2mic i Social d\u2019Alzira aprova els pressupostos municipals del 2018\u00bb<\/span><\/a><\/p>\n","protected":false},"author":29,"featured_media":14195,"comment_status":"","ping_status":"","sticky":false,"template":"","format":"standard","meta":{"_acf_changed":false,"footnotes":""},"categories":[1893],"tags":[],"class_list":["post-26647","post","type-post","status-publish","format-standard","has-post-thumbnail","hentry","category-hemeroteca"],"acf":[],"_links":{"self":[{"href":"https:\/\/alzira.es\/es\/wp-json\/wp\/v2\/posts\/26647","targetHints":{"allow":["GET"]}}],"collection":[{"href":"https:\/\/alzira.es\/es\/wp-json\/wp\/v2\/posts"}],"about":[{"href":"https:\/\/alzira.es\/es\/wp-json\/wp\/v2\/types\/post"}],"author":[{"embeddable":true,"href":"https:\/\/alzira.es\/es\/wp-json\/wp\/v2\/users\/29"}],"replies":[{"embeddable":true,"href":"https:\/\/alzira.es\/es\/wp-json\/wp\/v2\/comments?post=26647"}],"version-history":[{"count":0,"href":"https:\/\/alzira.es\/es\/wp-json\/wp\/v2\/posts\/26647\/revisions"}],"wp:featuredmedia":[{"embeddable":true,"href":"https:\/\/alzira.es\/es\/wp-json\/wp\/v2\/media\/14195"}],"wp:attachment":[{"href":"https:\/\/alzira.es\/es\/wp-json\/wp\/v2\/media?parent=26647"}],"wp:term":[{"taxonomy":"category","embeddable":true,"href":"https:\/\/alzira.es\/es\/wp-json\/wp\/v2\/categories?post=26647"},{"taxonomy":"post_tag","embeddable":true,"href":"https:\/\/alzira.es\/es\/wp-json\/wp\/v2\/tags?post=26647"}],"curies":[{"name":"wp","href":"https:\/\/api.w.org\/{rel}","templated":true}]}}