{"id":26457,"date":"2017-12-29T15:05:23","date_gmt":"2017-12-29T14:05:23","guid":{"rendered":"https:\/\/alzira.es\/carmen-montero-triomfa-a-alzira-amb-la-seua-exposicio-lo-mejor-del-dia\/"},"modified":"2017-12-29T15:05:23","modified_gmt":"2017-12-29T14:05:23","slug":"carmen-montero-triomfa-a-alzira-amb-la-seua-exposicio-lo-mejor-del-dia","status":"publish","type":"post","link":"https:\/\/alzira.es\/es\/carmen-montero-triomfa-a-alzira-amb-la-seua-exposicio-lo-mejor-del-dia\/","title":{"rendered":"Carmen Montero triomfa a Alzira amb la seua exposici\u00f3 \u201cLo mejor del d\u00eda\u201d"},"content":{"rendered":"<p style=\"text-align: justify;\"><strong>L&#8217;exposici\u00f3 es pot visitar fins al proper 9 de gener a la Casa de la Cultura<\/strong><\/p>\n<p style=\"text-align: justify;\"><strong>Alzira, 29 de desembre de 2017<\/strong>.- La Casa de la Cultura acull des del passat divendres 15 de desembre l&#8217;exposici\u00f3 \u00abLo mejor del d\u00eda\u00bb, de l&#8217;artista pl\u00e0stica madrilenya Carmen Montero. En esta primera mostra a la nostra ciutat ha captivat els nombrosos visitants que est\u00e0 rebent amb una proposta est\u00e8tica fresca i impactant, tant pel que fa a la tem\u00e0tica com a l&#8217;excepcional \u00fas de la t\u00e8cnica, la llum i el color.<\/p>\n<p style=\"text-align: justify;\">Una exposici\u00f3 que compartim amb l&#8217;Ajuntament de Gandia i que, com b\u00e9 va explicar la regidora de Cultura, Aida Ginestar, en el moment de la presentaci\u00f3: \u00abAmbdues entitats hem unit esfor\u00e7os personals, materials i econ\u00f2mics per poder gaudir a les nostres sales de l&#8217;obra d&#8217;esta excepcional pintora madrilenya\u00bb.<\/p>\n<p style=\"text-align: justify;\">\u00abLo mejor del d\u00eda\u00bb arreplega els seus darrers treballs pict\u00f2rics realitzats a partir del seu viatge als pa\u00efsos asi\u00e0tics, aix\u00ed com obres de s\u00e8ries anteriors dedicades a la mar i als paisatges naturals interiors i exteriors. D&#8217;ah\u00ed que esta siga una exposici\u00f3 de contrasts, tant per la tem\u00e0tica variada com pel tractament del color. Escenes on domina la figuraci\u00f3 en un primer pl\u00e0nol per\u00f2 on es va observant una evoluci\u00f3 cap a l&#8217;abstracci\u00f3 en el tractament d&#8217;alguns fons i de l&#8217;atmosfera que envolta els personatges. Escenes amb distintes lectures que ens fan viatjar cap a fora per\u00f2 que gaudixen al mateix temps d&#8217;una gran c\u00e0rrega de sensibilitat i subjectivitat que ens condu\u00efxen tamb\u00e9 a un viatge m\u00e9s personal i \u00edntim.<\/p>\n<p style=\"text-align: justify;\">El text que acompanya el cat\u00e0leg, obra de Sales Prats (promotora de la mostra), ens apropa a la seua comprensi\u00f3. A l&#8217;artista li interessa transmetre all\u00f2 que la sorpr\u00e9n i no reproduir fidelment el que est\u00e0 veient&#8230; Persones en actitud relaxada conformen escenaris pl\u00e0cids. Transmet una harmonia entre l&#8217;entorn i l&#8217;\u00e9sser hum\u00e0. Escenografies de benestar compartit.<\/p>\n<p style=\"text-align: justify;\">Carmen Montero ens proposa \u00abEl millor del dia\u00bb: gaudir el moment extraordinari d&#8217;all\u00f2 que ens sorpr\u00e9n i ens reconforta, que ens provoca plaer i reflexi\u00f3. I gaudir d'\u00bbEl millor del dia\u00bb \u00e9s el que podran fer els visitants que, fins al 9 de gener decidisquen passar una bona estona a la nostra Sala Municipal d&#8217;Exposicions. Una exposici\u00f3 que continuar\u00e0 a Gandia, a partir del 12 de gener.<\/p>\n<p style=\"text-align: justify;\"><strong>Carmen Montero<\/strong><br \/>Montero \u00e9s pintora per\u00f2 el seu \u00e0mbit professional s&#8217;ocupa tamb\u00e9 del camp del disseny gr\u00e0fic i, dins d&#8217;esta vessant, ha treballat per a importants empreses i institucions com Olivetti o l&#8217;Institut Nacional de F\u00edsica Nuclear, entre altres. Tamb\u00e9 ha col\u2022laborat amb el departament de publicacions de la Comissi\u00f3 Europea i, actualment, impartix classes a l&#8217;Institut Europeu de Disseny.<\/p>\n<p style=\"text-align: justify;\">La seua traject\u00f2ria expositiva arranca en els anys 90 i, a partir d&#8217;ac\u00ed, ha desenvolupat al voltant de 25 exposicions entre individuals i col\u2022lectives que han portat la seua obra dins i fora del territori nacional. Madrid, Barcelona, Alacant, Varese, Mil\u00e0, Besozzo, Par\u00eds han estat escenari de les seues pintures i dissenys que ha arribat, fins i tot, a Corea del Sud.<\/p>\n<p style=\"text-align: justify;\">Al llarg d&#8217;estos anys, el seu treball ha estat mereixedor de diverses distincions i mencions en cert\u00e0mens art\u00edstics de car\u00e0cter nacional.<\/p>\n<p>&nbsp;<\/p>\n<p style=\"text-align: center;\"><a href=\"https:\/\/alzira.es\/wp-content\/uploads\/2017\/12\/expo_carmen_montero.jpg\" target=\"_blank\" rel=\"noopener\"><img fetchpriority=\"high\" decoding=\"async\" class=\" size-full wp-image-26453\" src=\"https:\/\/alzira.es\/wp-content\/uploads\/2017\/12\/expo_carmen_montero.jpg\" alt=\"expo carmen montero\" width=\"500\" height=\"375\" srcset=\"https:\/\/alzira.es\/wp-content\/uploads\/2017\/12\/expo_carmen_montero.jpg 2560w, https:\/\/alzira.es\/wp-content\/uploads\/2017\/12\/expo_carmen_montero-680x510.jpg 680w, https:\/\/alzira.es\/wp-content\/uploads\/2017\/12\/expo_carmen_montero-1430x1072.jpg 1430w, https:\/\/alzira.es\/wp-content\/uploads\/2017\/12\/expo_carmen_montero-768x576.jpg 768w, https:\/\/alzira.es\/wp-content\/uploads\/2017\/12\/expo_carmen_montero-1536x1152.jpg 1536w, https:\/\/alzira.es\/wp-content\/uploads\/2017\/12\/expo_carmen_montero-2048x1536.jpg 2048w\" sizes=\"(max-width: 500px) 100vw, 500px\" \/><\/a><\/p>\n","protected":false},"excerpt":{"rendered":"<p>L&#8217;exposici\u00f3 es pot visitar fins al proper 9 de gener a la Casa de la Cultura Alzira, 29 de desembre de 2017.- La Casa de la Cultura acull des del passat divendres 15 de desembre l&#8217;exposici\u00f3 \u00abLo mejor del d\u00eda\u00bb, de l&#8217;artista pl\u00e0stica madrilenya Carmen Montero. En esta primera mostra a la nostra ciutat ha &hellip; <\/p>\n<p class=\"link-more\"><a href=\"https:\/\/alzira.es\/es\/carmen-montero-triomfa-a-alzira-amb-la-seua-exposicio-lo-mejor-del-dia\/\" class=\"more-link\">Continuar leyendo<span class=\"screen-reader-text\"> \u00abCarmen Montero triomfa a Alzira amb la seua exposici\u00f3 \u201cLo mejor del d\u00eda\u201d\u00bb<\/span><\/a><\/p>\n","protected":false},"author":36,"featured_media":26453,"comment_status":"","ping_status":"","sticky":false,"template":"","format":"standard","meta":{"_acf_changed":false,"footnotes":""},"categories":[1893],"tags":[],"class_list":["post-26457","post","type-post","status-publish","format-standard","has-post-thumbnail","hentry","category-hemeroteca"],"acf":[],"_links":{"self":[{"href":"https:\/\/alzira.es\/es\/wp-json\/wp\/v2\/posts\/26457","targetHints":{"allow":["GET"]}}],"collection":[{"href":"https:\/\/alzira.es\/es\/wp-json\/wp\/v2\/posts"}],"about":[{"href":"https:\/\/alzira.es\/es\/wp-json\/wp\/v2\/types\/post"}],"author":[{"embeddable":true,"href":"https:\/\/alzira.es\/es\/wp-json\/wp\/v2\/users\/36"}],"replies":[{"embeddable":true,"href":"https:\/\/alzira.es\/es\/wp-json\/wp\/v2\/comments?post=26457"}],"version-history":[{"count":0,"href":"https:\/\/alzira.es\/es\/wp-json\/wp\/v2\/posts\/26457\/revisions"}],"wp:featuredmedia":[{"embeddable":true,"href":"https:\/\/alzira.es\/es\/wp-json\/wp\/v2\/media\/26453"}],"wp:attachment":[{"href":"https:\/\/alzira.es\/es\/wp-json\/wp\/v2\/media?parent=26457"}],"wp:term":[{"taxonomy":"category","embeddable":true,"href":"https:\/\/alzira.es\/es\/wp-json\/wp\/v2\/categories?post=26457"},{"taxonomy":"post_tag","embeddable":true,"href":"https:\/\/alzira.es\/es\/wp-json\/wp\/v2\/tags?post=26457"}],"curies":[{"name":"wp","href":"https:\/\/api.w.org\/{rel}","templated":true}]}}