{"id":26141,"date":"2017-12-06T09:04:51","date_gmt":"2017-12-06T08:04:51","guid":{"rendered":"https:\/\/alzira.es\/?p=26141"},"modified":"2017-12-06T09:04:51","modified_gmt":"2017-12-06T07:04:51","slug":"voluntaris-de-creu-roja-a-alzira-ixen-al-carrer-aquests-dies-de-fred-intens-per-a-donar-menjar-calent-i-roba-d-abric-a-persones-sense-llar","status":"publish","type":"post","link":"https:\/\/alzira.es\/es\/voluntaris-de-creu-roja-a-alzira-ixen-al-carrer-aquests-dies-de-fred-intens-per-a-donar-menjar-calent-i-roba-d-abric-a-persones-sense-llar\/","title":{"rendered":"Voluntaris de Creu Roja a Alzira ixen al carrer aquests dies de fred intens per a donar menjar calent i roba d&#8217;abric a persones sense llar."},"content":{"rendered":"<p style=\"text-align: center;\"><img fetchpriority=\"high\" decoding=\"async\" width=\"714\" height=\"73\" class=\" size-full wp-image-26135\" title=\"creu roja\" src=\"https:\/\/alzira.es\/wp-content\/uploads\/2017\/12\/cruz_roja.png\" alt=\"cruz roja\" srcset=\"https:\/\/alzira.es\/wp-content\/uploads\/2017\/12\/cruz_roja.png 714w, https:\/\/alzira.es\/wp-content\/uploads\/2017\/12\/cruz_roja-680x70.png 680w\" sizes=\"(max-width: 714px) 100vw, 714px\" \/><\/p>\n<p style=\"text-align: justify;\">L@s Voluntari@s de Cruz Roja en Alzira desde que se inici\u00f3 la ola de frio est\u00e1n realizando el proyecto de \u00abCaf\u00e9 solidario\u00bb en el cual se ofrecen alimentos y bebidas calientes a las personas sin hogar. Tambi\u00e9n se ha repartido ropa de abrigo y mantas. Este dispositivo continuara durante estos d\u00edas de frio extremo.<\/p>\n<p style=\"text-align: justify;\">Independientemente de estos d\u00edas de ola de fr\u00edo, l@s volutari@s continuaran con el proyecto durante el invierno visitando a estas personas y realizando una campa\u00f1a especial en fechas se\u00f1aladas estas Navidades.<\/p>\n<p style=\"text-align: center;\"><a class=\"jcepopup\" title=\"creu roja\" type=\"image\" href=\"https:\/\/alzira.es\/wp-content\/uploads\/2017\/12\/IMG-20171205-WA0006.jpg\" target=\"_blank\" rel=\"noopener\"><img decoding=\"async\" class=\"size-full wp-image-26137 lazyload\" title=\"creu roja\" data-src=\"https:\/\/alzira.es\/wp-content\/uploads\/2017\/12\/IMG-20171205-WA0006.jpg\" alt=\"IMG-20171205-WA0006\" width=\"600\" height=\"338\" data-srcset=\"https:\/\/alzira.es\/wp-content\/uploads\/2017\/12\/IMG-20171205-WA0006.jpg 1200w, https:\/\/alzira.es\/wp-content\/uploads\/2017\/12\/IMG-20171205-WA0006-680x383.jpg 680w, https:\/\/alzira.es\/wp-content\/uploads\/2017\/12\/IMG-20171205-WA0006-768x432.jpg 768w\" data-sizes=\"(max-width: 600px) 100vw, 600px\" src=\"data:image\/svg+xml;base64,PHN2ZyB3aWR0aD0iMSIgaGVpZ2h0PSIxIiB4bWxucz0iaHR0cDovL3d3dy53My5vcmcvMjAwMC9zdmciPjwvc3ZnPg==\" style=\"--smush-placeholder-width: 600px; --smush-placeholder-aspect-ratio: 600\/338;\" \/><\/a><\/p>\n","protected":false},"excerpt":{"rendered":"<p>L@s Voluntari@s de Cruz Roja en Alzira desde que se inici\u00f3 la ola de frio est\u00e1n realizando el proyecto de \u00abCaf\u00e9 solidario\u00bb en el cual se ofrecen alimentos y bebidas calientes a las personas sin hogar. Tambi\u00e9n se ha repartido ropa de abrigo y mantas. Este dispositivo continuara durante estos d\u00edas de frio extremo. Independientemente &hellip; <\/p>\n<p class=\"link-more\"><a href=\"https:\/\/alzira.es\/es\/voluntaris-de-creu-roja-a-alzira-ixen-al-carrer-aquests-dies-de-fred-intens-per-a-donar-menjar-calent-i-roba-d-abric-a-persones-sense-llar\/\" class=\"more-link\">Continuar leyendo<span class=\"screen-reader-text\"> \u00abVoluntaris de Creu Roja a Alzira ixen al carrer aquests dies de fred intens per a donar menjar calent i roba d&#8217;abric a persones sense llar.\u00bb<\/span><\/a><\/p>\n","protected":false},"author":29,"featured_media":26135,"comment_status":"","ping_status":"","sticky":false,"template":"","format":"standard","meta":{"_acf_changed":false,"footnotes":""},"categories":[],"tags":[],"class_list":["post-26141","post","type-post","status-publish","format-standard","has-post-thumbnail","hentry"],"acf":[],"_links":{"self":[{"href":"https:\/\/alzira.es\/es\/wp-json\/wp\/v2\/posts\/26141","targetHints":{"allow":["GET"]}}],"collection":[{"href":"https:\/\/alzira.es\/es\/wp-json\/wp\/v2\/posts"}],"about":[{"href":"https:\/\/alzira.es\/es\/wp-json\/wp\/v2\/types\/post"}],"author":[{"embeddable":true,"href":"https:\/\/alzira.es\/es\/wp-json\/wp\/v2\/users\/29"}],"replies":[{"embeddable":true,"href":"https:\/\/alzira.es\/es\/wp-json\/wp\/v2\/comments?post=26141"}],"version-history":[{"count":0,"href":"https:\/\/alzira.es\/es\/wp-json\/wp\/v2\/posts\/26141\/revisions"}],"wp:featuredmedia":[{"embeddable":true,"href":"https:\/\/alzira.es\/es\/wp-json\/wp\/v2\/media\/26135"}],"wp:attachment":[{"href":"https:\/\/alzira.es\/es\/wp-json\/wp\/v2\/media?parent=26141"}],"wp:term":[{"taxonomy":"category","embeddable":true,"href":"https:\/\/alzira.es\/es\/wp-json\/wp\/v2\/categories?post=26141"},{"taxonomy":"post_tag","embeddable":true,"href":"https:\/\/alzira.es\/es\/wp-json\/wp\/v2\/tags?post=26141"}],"curies":[{"name":"wp","href":"https:\/\/api.w.org\/{rel}","templated":true}]}}